{"id":2921,"date":"2016-09-21T15:44:06","date_gmt":"2016-09-21T18:44:06","guid":{"rendered":"https:\/\/blogs.correiobraziliense.com.br\/servidor\/?p=2921"},"modified":"2016-09-21T15:44:06","modified_gmt":"2016-09-21T18:44:06","slug":"22-de-setembro-centrais-sindicais-dia-nacional-de-paralisacao-rumo-greve-geral-nenhum-direito-menos","status":"publish","type":"post","link":"https:\/\/blogs.correiobraziliense.com.br\/servidor\/22-de-setembro-centrais-sindicais-dia-nacional-de-paralisacao-rumo-greve-geral-nenhum-direito-menos\/","title":{"rendered":"22 de setembro &#8211; Centrais sindicais &#8211; &#8220;Dia Nacional de Paralisa\u00e7\u00e3o, Rumo a Greve Geral &#8211; Nenhum Direito a Menos&#8221;"},"content":{"rendered":"<p>As principais centrais sindicais do Brasil (CUT, CTB, UGT, For\u00e7a, NCST, CSP-Conlutas e Intersindical) e as entidades que formam as frentes Brasil Popular e Povo Sem Medo realizam no pr\u00f3ximo, amanh\u00e3 (22), o Dia Nacional de Paralisa\u00e7\u00e3o, rumo \u00e0 greve geral \u2013 Nenhum direito a menos.<\/p>\n<p>As paralisa\u00e7\u00f5es, atrasos na entrada, assembleias nas portas dos locais de trabalho, passeatas e manifesta\u00e7\u00f5es ocorrer\u00e3o durante todo o dia em todo o pa\u00eds.<\/p>\n<p><u>Em S\u00e3o Paulo:<\/u><\/p>\n<p><u>\u00c0s 10h<\/u>, trabalhadores iniciar\u00e3o uma concentra\u00e7\u00e3o na frente da Fiesp, na Avenida Paulista, 1.313, onde\u00a0\u00e0s 11h, os sindicalistas entregar\u00e3o a diretores da Fiesp a pauta em defesa dos direitos sociais e trabalhistas.<\/p>\n<p><u>\u00c0s 15h<\/u>, trabalhadores e militantes de v\u00e1rias categorias profissionais iniciar\u00e3o concentra\u00e7\u00e3o em frente ao V\u00e3o Livre do Masp, onde os professores da rede p\u00fablica estadual estar\u00e3o reunidos em assembleia.<\/p>\n<p><u>\u00c0s 16h<\/u>, haver\u00e1 um ato p\u00fablico com todas as categorias profissionais que v\u00e3o participar do Dia de Paralisa\u00e7\u00e3o.<\/p>\n<p><strong>Nenhum direito a menos<\/strong><\/p>\n<p>Al\u00e9m das dezenas de projetos que preveem a amplia\u00e7\u00e3o da terceiriza\u00e7\u00e3o apoiada por Temer, no entender das centrais, v\u00e1rios ministros do governo falaram em outras propostas que tiram direitos da classe trabalhadora, entre elas, a reforma da Previd\u00eancia, com idade m\u00ednima de 65 anos e redu\u00e7\u00e3o de benef\u00edcio; mudan\u00e7as na Lei trabalhista para permitir acordos de redu\u00e7\u00e3o de sal\u00e1rios, 13\u00ba e fatiamento das f\u00e9rias; e a PEC 241 que reduz os investimentos sociais, em especial nas \u00e1reas de sa\u00fade e educa\u00e7\u00e3o.<\/p>\n<p>\u00c9 contra esses ataques aos direitos sociais e trabalhistas que todos os trabalhadores t\u00eam de participar do Dia Nacional de Paralisa\u00e7\u00e3o e se preparar para a greve geral, explica o presidente nacional da CUT, Vagner Freitas.<\/p>\n<p>\u201cDia\u00a022 de setembro, todos n\u00f3s, trabalhadoras e trabalhadores, temos que estar nas ruas, dando um recado para esse governo golpista, dizendo que n\u00e3o vamos tolerar que mexam em nossos direitos. Rumo \u00e0 greve geral\u201d, convocou o dirigente.<\/p>\n<p>&#8220;As centrais sindicais defendem um projeto de desenvolvimento com gera\u00e7\u00e3o de emprego e distribui\u00e7\u00e3o de renda, trabalho decente, aposentadoria digna e a redu\u00e7\u00e3o da jornada de trabalho para 40 horas semanais sem redu\u00e7\u00e3o de sal\u00e1rio&#8221;, diz a nota.<\/p>\n<p>Veja a agenda:<\/p>\n<p>&nbsp;<\/p>\n<table width=\"811\">\n<tbody>\n<tr>\n<td rowspan=\"2\" width=\"74\"><strong>CUTs<\/strong><\/td>\n<td width=\"737\"><strong>\u00a0\u00a0\u00a0\u00a0\u00a0\u00a0\u00a0\u00a0\u00a0\u00a0\u00a0\u00a0\u00a0\u00a0\u00a0\u00a0\u00a0\u00a0\u00a0\u00a0\u00a0\u00a0\u00a0\u00a0\u00a0\u00a0\u00a0\u00a0\u00a0\u00a0\u00a0\u00a0\u00a0\u00a0\u00a0\u00a0\u00a0\u00a0\u00a0\u00a0\u00a0\u00a0\u00a0\u00a0\u00a0\u00a0\u00a0\u00a0\u00a0\u00a0\u00a0\u00a0\u00a0\u00a0\u00a0\u00a0\u00a0\u00a0\u00a0\u00a0\u00a0\u00a0\u00a0\u00a0\u00a0\u00a0\u00a0\u00a0 ESQUENTA \u2013 DIA\u00a022\/09\/2016<\/strong><\/p>\n<p><strong>\u00a0\u00a0\u00a0\u00a0\u00a0\u00a0\u00a0\u00a0\u00a0\u00a0\u00a0\u00a0\u00a0\u00a0\u00a0\u00a0\u00a0\u00a0\u00a0\u00a0\u00a0\u00a0\u00a0\u00a0\u00a0\u00a0\u00a0\u00a0\u00a0\u00a0\u00a0\u00a0\u00a0\u00a0\u00a0\u00a0\u00a0\u00a0\u00a0\u00a0\u00a0\u00a0\u00a0\u00a0\u00a0\u00a0\u00a0 DIA NACIONAL DE\u00a0 PARALISA\u00c7\u00d5ES E MOBILIZA\u00c7\u00d5ES \u00a0\u00a0\u00a0\u00a0\u00a0\u00a0\u00a0\u00a0\u00a0\u00a0\u00a0\u00a0\u00a0<\/strong>(Atualizado 21\/09 \u2013 13h40)<\/td>\n<\/tr>\n<tr>\n<td width=\"737\"><strong>PARALISA\u00c7\u00d5ES \/MOBILIZA\u00c7\u00c3O NO DIA 22<\/strong><\/td>\n<\/tr>\n<tr>\n<td width=\"74\"><strong>AC<\/strong><\/td>\n<td width=\"737\"><strong>EDUCA\u00c7\u00c3O:\u00a0<\/strong>Paralisa\u00e7\u00e3o das atividades, ato unificado e em conjunto com as Centrais Rumo a Greve Geral.<\/td>\n<\/tr>\n<tr>\n<td width=\"74\"><strong>AL<\/strong><\/td>\n<td width=\"737\">\n08 h\u00a0\u2013 Concentra\u00e7\u00e3o Pra\u00e7a Sinimbu<\/p>\n<p><strong>EDUCA\u00c7\u00c3O:<\/strong>\u00a0Paralisa\u00e7\u00e3o das atividades, ato unificado e em conjunto com as Centrais Rumo a Greve Geral<\/p>\n<p><strong>BANC\u00c1RIOS<\/strong>: Orienta\u00e7\u00e3o da Contraf para intensificar a greve no dia 22.<\/td>\n<\/tr>\n<tr>\n<td width=\"74\"><strong>AM<\/strong><\/td>\n<td width=\"737\"><strong>EDUCA\u00c7\u00c3O:<\/strong>\u00a0Paralisa\u00e7\u00e3o das atividades, ato unificado e em conjunto com as Centrais Rumo a Greve Geral<\/p>\n<p><strong>BANC\u00c1RIOS<\/strong>: Orienta\u00e7\u00e3o da Contraf para intensificar a greve no dia 22.<\/td>\n<\/tr>\n<tr>\n<td width=\"74\"><strong>AP<\/strong><\/td>\n<td width=\"737\">08h00\u00a0\u2013 Ato com as Centrais Sindical \u2013 Pra\u00e7a da Bandeira<\/p>\n<p><strong>BANC\u00c1RIOS<\/strong>: Orienta\u00e7\u00e3o da Contraf para intensificar a greve no dia 22.<\/td>\n<\/tr>\n<tr>\n<td width=\"74\"><strong>BA<\/strong><\/td>\n<td width=\"737\"><strong>DIA NACIONAL DE PARALISA\u00c7\u00c3O E MOBILIZA\u00c7\u00c3O DAS CATEGORIAS.<\/strong><\/p>\n<p>08h &#8211; PARALISA\u00c7\u00c3O DAS CATEGORIAS NO IN\u00cdCIO DO EXPEDIENTE.<\/p>\n<p>A partir das 15h, as diversas categorias do estado se reunir\u00e3o na Pra\u00e7a Campo Grande para realiza\u00e7\u00e3o de uma caminhada com a presen\u00e7a da\u00a0<strong>PRESIDENTA LEGITIMA DILMA ROUSSEFF<\/strong>, culminando com o GRANDE ATO POLITICO EM DEFESA DA DEMOCRACIA E DOS DIREITOS TRABALHISTAS na Pra\u00e7a Castro Alves.<\/p>\n<p><strong>EDUCA\u00c7\u00c3O:<\/strong>\u00a0Paralisa\u00e7\u00e3o das atividades, ato unificado e em conjunto com as Centrais Rumo a Greve Geral<\/p>\n<p><strong>BANC\u00c1RIOS<\/strong>: Orienta\u00e7\u00e3o da Contraf para intensificar a greve no dia 22.<\/td>\n<\/tr>\n<tr>\n<td width=\"74\"><strong>CE<\/strong><\/td>\n<td width=\"737\">\nEst\u00e3o preparando um ato<\/p>\n<p><strong>EDUCA\u00c7\u00c3O:<\/strong>\u00a0Paralisa\u00e7\u00e3o das atividades, ato unificado e em conjunto com as Centrais Rumo a Greve Geral<\/p>\n<p><strong>BANC\u00c1RIOS<\/strong>: Orienta\u00e7\u00e3o da Contraf para intensificar a greve no dia 22.<\/td>\n<\/tr>\n<tr>\n<td width=\"74\"><strong>DF<\/strong><\/td>\n<td width=\"737\"><strong>Manh\u00e3<\/strong><\/p>\n<p>7h \u2013 Ato em frente ao P\u00e1tio Brasil \u2013 Setor Comercial Sul;<\/p>\n<p>7h \u2013 Ato dos Servidores P\u00fablicos Federais \u2013 No Espa\u00e7o do Servidor \u2013 Esplanada dos Minist\u00e9rios;<\/p>\n<p>7h \u2013 Assembleia por local de trabalho do Sindvalores<\/p>\n<p>9h \u2013 Ato na CEB do Setor de ind\u00fastria e Abastecimento \u2013\u00a0 S.I.A;<\/p>\n<p>9h &#8211; Assembleia do SINDETRAN \u2013 No estacionamento do DETRAN Sede;<\/p>\n<p>9h30\u00a0\u2013 Assembleia do SAE DF &#8211; Em frente \u00e0 C\u00e2mara Legislativa do DF;<\/p>\n<p>9h30- Assembleia do SINPRO DF \u2013 Em frente ao Pal\u00e1cio do Buriti;<\/p>\n<p>10h \u2013 Ato do Sindser \u2013 Em frente ao TCDF<\/p>\n<p><strong>Tarde<\/strong><\/p>\n<p>14h \u2013 Ato Unificado em Defesa da Plataforma da Classe Trabalhadora \u2013 Em frente \u00e0 C\u00e2mara Legislativa.<\/p>\n<p>Denunciar os problemas que os servidores est\u00e3o enfrentando com o governo Rollemberg e defender a plataforma da CUT: Nenhum Direito a Menos; Fora Temer e Greve Geral;<\/p>\n<p><strong>Noite<\/strong><\/p>\n<p>17h \u2013 Ato Fora Temer! Nenhum Direito a Menos! Organizado pelas Frentes Brasil Popular e Povo Sem Medo \u2013 No Museu da Rep\u00fablica com caminhada para o Congresso Nacional.<\/p>\n<p>&nbsp;<\/p>\n<p><strong>EDUCA\u00c7\u00c3O:<\/strong>\u00a0Paralisa\u00e7\u00e3o das atividades, ato unificado e em conjunto com as Centrais Rumo a Greve Geral<\/p>\n<p><strong>BANC\u00c1RIOS<\/strong>: Orienta\u00e7\u00e3o da Contraf para intensificar a greve no dia 22.<\/td>\n<\/tr>\n<tr>\n<td width=\"74\"><strong>ES<\/strong><\/td>\n<td width=\"737\">Ato\u00a0as 09h\u00a0Em frente a ALES<\/p>\n<p><strong>EDUCA\u00c7\u00c3O:<\/strong>\u00a0Paralisa\u00e7\u00e3o das atividades, ato unificado e em conjunto com as Centrais Rumo a Greve Geral<\/p>\n<p><strong>BANC\u00c1RIOS<\/strong>: Orienta\u00e7\u00e3o da Contraf para intensificar a greve no dia 22.<\/td>\n<\/tr>\n<tr>\n<td width=\"74\"><strong>GO<\/strong><\/td>\n<td width=\"737\"><strong>EDUCA\u00c7\u00c3O:<\/strong>\u00a0Paralisa\u00e7\u00e3o das atividades, ato unificado e em conjunto com as Centrais Rumo a Greve Geral<\/td>\n<\/tr>\n<tr>\n<td width=\"74\"><strong>MA<\/strong><\/td>\n<td width=\"737\"><strong>DIA NACIONAL DE PARALISA\u00c7\u00c3O<\/strong><br \/>\nLocal: P\u00e7a Deodoro<br \/>\nHor\u00e1rio:\u00a0\u00e0s 15h<br \/>\nAtividade: Ato P\u00fablico com as centrais sindicais<br \/>\nDurante o dia acontecer\u00e3o, assembleias das categorias, no local de trabalho, com os sindicatos filiados e os que comp\u00f5em a Frente Brasil Popular. Na parte da manh\u00e3, os metal\u00fargicos v\u00e3o fechar BR 222 e os Sindicato dos Rodovi\u00e1rios v\u00e3o paralisar os \u00f4nibus da capital durante a manh\u00e3.<\/p>\n<p><strong>EDUCA\u00c7\u00c3O:<\/strong>\u00a0Paralisa\u00e7\u00e3o das atividades, ato unificado e em conjunto com as Centrais Rumo a Greve Geral<\/p>\n<p><strong>BANC\u00c1RIOS<\/strong>: Orienta\u00e7\u00e3o da Contraf para intensificar a greve no dia 22.<\/td>\n<\/tr>\n<tr>\n<td width=\"74\"><strong>MG<\/strong><\/td>\n<td width=\"737\">CATEGORIAS QUE IR\u00c3O PARAR:<\/p>\n<p>T\u00e9cnicos Administrativos, Sa\u00fade, Educa\u00e7\u00e3o, Eletricit\u00e1rios, Servidores Municipais de BH, Sindipetro, Sindagua e Fetraf.<\/p>\n<p>A Tarde \u2013 Audi\u00eancia P\u00fablica na ALEMG<\/p>\n<p><strong>EDUCA\u00c7\u00c3O:<\/strong>\u00a0Paralisa\u00e7\u00e3o das atividades, ato unificado e em conjunto com as Centrais Rumo a Greve Geral<\/p>\n<p><strong>BANC\u00c1RIOS<\/strong>: Orienta\u00e7\u00e3o da Contraf para intensificar a greve no dia 22.<\/td>\n<\/tr>\n<tr>\n<td width=\"74\"><strong>MS<\/strong><\/td>\n<td width=\"737\"><strong>Dourados:<\/strong><\/p>\n<p>08h \u2013 Audi\u00eancia Publica C\u00e2mara Municipal sobre 257<\/p>\n<p>15hs \u2013 Ato na Pra\u00e7a Ant\u00f4nio Jo\u00e3o<\/p>\n<p><strong>EDUCA\u00c7\u00c3O:<\/strong>\u00a0Paralisa\u00e7\u00e3o das atividades, ato unificado e em conjunto com as Centrais Rumo a Greve Geral<\/p>\n<p><strong>BANC\u00c1RIOS<\/strong>: Orienta\u00e7\u00e3o da Contraf para intensificar a greve no dia 22.<\/td>\n<\/tr>\n<tr>\n<td width=\"74\"><strong>MT<\/strong><\/td>\n<td width=\"737\">Ato\u00a0as 16h\u00a0na Pra\u00e7a Ipiranga &#8211;\u00a0 Centro de Cuiab\u00e1<\/p>\n<p><strong>EDUCA\u00c7\u00c3O:<\/strong>\u00a0Paralisa\u00e7\u00e3o das atividades, ato unificado e em conjunto com as Centrais Rumo a Greve Geral<\/p>\n<p><strong>BANC\u00c1RIOS<\/strong>: Orienta\u00e7\u00e3o da Contraf para intensificar a greve no dia 22.<\/td>\n<\/tr>\n<tr>\n<td width=\"74\"><strong>PA<\/strong><\/td>\n<td width=\"737\">ATO P\u00daBLICO &#8211; concentra\u00e7\u00e3o no Mercado de S\u00e3o Br\u00e1s,\u00a0\u00e0s 9h, seguido de caminhada at\u00e9 a Pra\u00e7a da Republica. Com todas as categorias em greve e em luta! E com as centrais sindicais e movimentos populares. Rumo \u00e0 GREVE GERAL<\/p>\n<p><strong>EDUCA\u00c7\u00c3O:<\/strong>\u00a0Paralisa\u00e7\u00e3o das atividades, ato unificado e em conjunto com as Centrais Rumo a Greve Geral<\/p>\n<p><strong>BANC\u00c1RIOS<\/strong>: Orienta\u00e7\u00e3o da Contraf para intensificar a greve no dia 22.<\/td>\n<\/tr>\n<tr>\n<td width=\"74\"><strong>PB<\/strong><\/td>\n<td width=\"737\"><strong>Jo\u00e3o Pessoa<\/strong><\/p>\n<p><strong>04h00\u00a0&#8211; Piquetes nas empresas de transporte urbanos e na Esta\u00e7\u00e3o Ferrovi\u00e1ria;<\/strong><strong><br \/>\n<\/strong><strong>10h00\u00a0&#8211; Concentra\u00e7\u00e3o em frente ao Bompre\u00e7o do Parque Solon de Lucena &#8211; Lagoa, e arrast\u00e3o pelas ruas do \u00a0 \u00a0 \u00a0 \u00a0 \u00a0 \u00a0 \u00a0 com\u00e9rcio;<\/strong><strong><br \/>\n<\/strong><strong>15h00\u00a0&#8211; Concentra\u00e7\u00e3o em Frente ao Liceu Paraibano e marcha pelo centro at\u00e9 o Ponto de Cem R\u00e9is<\/strong><strong><br \/>\n<\/strong><strong>Campina Grande<br \/>\n<\/strong>14h00\u00a0&#8211; Ato P\u00fablico rumo \u00e0 Greve Geral &#8211; Pra\u00e7a da Bandeira<\/p>\n<p><strong>EDUCA\u00c7\u00c3O:<\/strong>\u00a0Paralisa\u00e7\u00e3o das atividades, ato unificado e em conjunto com as Centrais Rumo a Greve Geral<\/p>\n<p><strong>BANC\u00c1RIOS<\/strong>: Orienta\u00e7\u00e3o da Contraf para intensificar a greve no dia 22.<\/td>\n<\/tr>\n<tr>\n<td width=\"74\"><strong>PE<\/strong><\/td>\n<td width=\"737\"><strong>DIA NACIONAL DE PALARISA\u00c7\u00c3O \u2013 ESQUENTA DA GREVE GERAL<\/strong><\/p>\n<p>15H \u2013 Em frente a FIEPE \u2013\u00a0Av. Cruz Cabug\u00e1, 767\u00a0\u2013 Santo Amaro \u2013 Recife<\/p>\n<p><strong>EDUCA\u00c7\u00c3O:<\/strong>\u00a0Paralisa\u00e7\u00e3o das atividades, ato unificado e em conjunto com as Centrais Rumo a Greve Geral<\/p>\n<p><strong>BANC\u00c1RIOS<\/strong>: Orienta\u00e7\u00e3o da Contraf para intensificar a greve no dia 22.<\/td>\n<\/tr>\n<tr>\n<td width=\"74\"><strong>PI<\/strong><\/td>\n<td width=\"737\"><strong>Rumo a Greve Geral \u2013 Nenhum Direito a Menos\u00a0<\/strong><\/p>\n<p>08h \u2013 Concentra\u00e7\u00e3o na Pra\u00e7a da Bandeira \u2013 Teresina<\/p>\n<p><strong>EDUCA\u00c7\u00c3O:<\/strong>\u00a0Paralisa\u00e7\u00e3o das atividades, ato unificado e em conjunto com as Centrais Rumo a Greve Geral<\/p>\n<p><strong>BANC\u00c1RIOS<\/strong>: Orienta\u00e7\u00e3o da Contraf para intensificar a greve no dia 22.<\/td>\n<\/tr>\n<tr>\n<td width=\"74\"><strong>PR<\/strong><\/td>\n<td width=\"737\">\n<strong>Hor\u00e1rio<\/strong>: Concentra\u00e7\u00e3o\u00a0\u00e0s 18h<br \/>\n<strong>Local:<\/strong>\u00a0Pra\u00e7a Santos Andrade, s\/n, Centro.<\/p>\n<p><strong>EDUCA\u00c7\u00c3O:<\/strong>\u00a0Paralisa\u00e7\u00e3o das atividades, ato unificado e em conjunto com as Centrais Rumo a Greve Geral<\/p>\n<p><strong>BANC\u00c1RIOS<\/strong>: Orienta\u00e7\u00e3o da Contraf para intensificar a greve no dia 22.<\/td>\n<\/tr>\n<tr>\n<td width=\"74\"><strong>RJ<\/strong><\/td>\n<td width=\"737\">Pela manh\u00e3 \u2013 Ato na porta de v\u00e1rias empresas (Ainda definindo quais)<\/p>\n<p>17hs \u2013 Passeata da Candel\u00e1ria at\u00e9 a ALRJ (Pela\u00a0 Av. Rio Branco)<\/p>\n<p><strong>BANC\u00c1RIOS<\/strong>: Orienta\u00e7\u00e3o da Contraf para intensificar a greve no dia 22.<\/p>\n<p>&nbsp;<\/td>\n<\/tr>\n<tr>\n<td width=\"74\"><strong>RN<\/strong><\/td>\n<td width=\"737\">16h &#8211; \u00a0Ato em frente ao Shopping\u00a0 Via Direta.<\/p>\n<p><strong>EDUCA\u00c7\u00c3O:<\/strong>\u00a0Paralisa\u00e7\u00e3o das atividades, ato unificado e em conjunto com as Centrais Rumo a Greve Geral<\/p>\n<p><strong>BANC\u00c1RIOS<\/strong>: Orienta\u00e7\u00e3o da Contraf para intensificar a greve no dia 22.<\/td>\n<\/tr>\n<tr>\n<td width=\"74\"><strong>RO<\/strong><\/td>\n<td width=\"737\"><strong>DIA NACIONAL DE PARALISA\u00c7\u00c3O<\/strong><\/p>\n<p>Paralisa\u00e7\u00e3o de Educa\u00e7\u00e3o, banc\u00e1rios urbanit\u00e1rios<\/p>\n<p>A partir das 08h Passeata pelo Centro\u00a0 com essas categorias\u00a0 e Movimentos Sociais &#8211; panfletagem e\u00a0 ato p\u00fablico em frente ao antigo pal\u00e1cio do governo.<\/p>\n<p><strong>BANC\u00c1RIOS<\/strong>: Orienta\u00e7\u00e3o da Contraf para intensificar a greve no dia 22.<\/td>\n<\/tr>\n<tr>\n<td width=\"74\"><strong>RR<\/strong><\/td>\n<td width=\"737\">Convocando todos os trabalhadores e trabalhadoras.<\/p>\n<p>8 \u00e0s 11horas, em frente ao Hospital Geral de Roraima &#8211; HGR, para juntos discutirmos sobre essas amea\u00e7as do governo golpista aos direitos dos trabalhadores (reformas da Previd\u00eancia e trabalhista); as consequ\u00eancias para a classe trabalhadora da implanta\u00e7\u00e3o da agenda neoliberal (desmonte do estado, precariza\u00e7\u00e3o das pol\u00edticas p\u00fablicas e das rela\u00e7\u00f5es de trabalho no servi\u00e7o p\u00fablico); privatiza\u00e7\u00f5es e entrega do Pr\u00e9-sal \u00e0 explora\u00e7\u00e3o das petrol\u00edferas estrangeiras.<\/p>\n<p>A Concentra\u00e7\u00e3o ser\u00e1 em frente ao Hospital Geral para apoiar a Greve da Enfermagem que j\u00e1 dura alguns dias.<\/p>\n<p><strong>EDUCA\u00c7\u00c3O:<\/strong>\u00a0Paralisa\u00e7\u00e3o das atividades, ato unificado e em conjunto com as Centrais Rumo a Greve Geral<\/p>\n<p><strong>BANC\u00c1RIOS<\/strong>: Orienta\u00e7\u00e3o da Contraf para intensificar a greve no dia 22.<\/td>\n<\/tr>\n<tr>\n<td width=\"74\"><strong>RS<\/strong><\/td>\n<td width=\"737\">Paralisa\u00e7\u00f5es em todo o Estado Contra a retirada de direitos \u2013 Rumo a Greve Geral<br \/>\n<strong>EDUCA\u00c7\u00c3O:<\/strong>\u00a0Paralisa\u00e7\u00e3o das atividades, ato unificado e em conjunto com as Centrais Rumo a Greve Geral<\/p>\n<p><strong>BANC\u00c1RIOS<\/strong>: Orienta\u00e7\u00e3o da Contraf para intensificar a greve no dia 22.<\/td>\n<\/tr>\n<tr>\n<td width=\"74\"><strong>SC<\/strong><\/td>\n<td width=\"737\">\n<h1>Dia de paralisa\u00e7\u00e3o dos trabalhadores em defesa de seus direitos.<\/h1>\n<p>Grandes categorias ligadas ao servi\u00e7o p\u00fablico do estado e de alguns munic\u00edpios, v\u00e3o cruzar os bra\u00e7os e mostrar aos pol\u00edticos que caso mexam nos direitos dos trabalhadores, o Brasil vai parar.<\/p>\n<p><strong>EDUCA\u00c7\u00c3O:<\/strong>\u00a0Paralisa\u00e7\u00e3o das atividades, ato unificado e em conjunto com as Centrais Rumo a Greve Geral<\/p>\n<p><strong>BANC\u00c1RIOS<\/strong>: Orienta\u00e7\u00e3o da Contraf para intensificar a greve no dia 22.<\/td>\n<\/tr>\n<tr>\n<td width=\"74\"><strong>SE<\/strong><\/td>\n<td width=\"737\">Paralisa\u00e7\u00e3o do ramo da Educa\u00e7\u00e3o nos dias 21 e 22 \u2013 Com grande caminhada em Aracaj\u00fa.<\/p>\n<p><strong>EDUCA\u00c7\u00c3O:<\/strong>\u00a0Paralisa\u00e7\u00e3o das atividades, ato unificado e em conjunto com as Centrais Rumo a Greve Geral<\/p>\n<p><strong>BANC\u00c1RIOS<\/strong>: Orienta\u00e7\u00e3o da Contraf para intensificar a greve no dia 22.<\/td>\n<\/tr>\n<tr>\n<td width=\"74\"><strong>SP<\/strong><\/td>\n<td width=\"737\">Previs\u00e3o de paralisa\u00e7\u00f5es de manh\u00e3 nos locais de trabalho \u2013 metal\u00fargicos, sa\u00fade<\/p>\n<p>10h \u2013 Centrais entregam documento na FIESP \u2013 Nenhum Direito a Menos<\/p>\n<p>14h \u2013 Assembleia Apeoesp \u2013 Av. Paulista \u2013 MASP<\/p>\n<p>Ato\u00a0unificado com a Educa\u00e7\u00e3o do Munic\u00edpio de SP<\/p>\n<p>16h \u2013 Ato Por Nenhum Direito a Menos \u2013 Av. Paulista \u2013 MASP<\/p>\n<p><strong>BANC\u00c1RIOS<\/strong>: Orienta\u00e7\u00e3o da Contraf para intensificar a greve no dia 22.<\/td>\n<\/tr>\n<tr>\n<td width=\"74\"><strong>TO<\/strong><\/td>\n<td width=\"737\">Ato (Hor\u00e1rio e local a definir) participa\u00e7\u00e3o dos Servidores P\u00fablicos Estaduais, Servidores da Sa\u00fade, Servidores da Educa\u00e7\u00e3o.<\/p>\n<p><strong>EDUCA\u00c7\u00c3O:<\/strong>\u00a0Paralisa\u00e7\u00e3o das atividades, ato unificado e em conjunto com as Centrais Rumo a Greve Geral<\/p>\n<p><strong>BANC\u00c1RIOS<\/strong>: Orienta\u00e7\u00e3o da Contraf para intensificar a greve no dia 22.<\/td>\n<\/tr>\n<\/tbody>\n<\/table>\n","protected":false},"excerpt":{"rendered":"<p>As principais centrais sindicais do Brasil (CUT, CTB, UGT, For\u00e7a, NCST, CSP-Conlutas e Intersindical) e as entidades que formam as frentes Brasil Popular e Povo Sem Medo realizam no pr\u00f3ximo, amanh\u00e3 (22), o Dia Nacional de Paralisa\u00e7\u00e3o, rumo \u00e0 greve geral \u2013 Nenhum direito a menos. As paralisa\u00e7\u00f5es, atrasos na entrada, assembleias nas portas dos locais de trabalho, passeatas e [&hellip;]<\/p>\n","protected":false},"author":27,"featured_media":0,"comment_status":"open","ping_status":"closed","sticky":false,"template":"","format":"standard","meta":{"footnotes":""},"categories":[2719],"tags":[1259,619,2844,2907,15,70,506,1260,19],"class_list":["post-2921","post","type-post","status-publish","format-standard","hentry","category-servidor","tag-centrais","tag-direitos","tag-esquenta","tag-geral","tag-greve","tag-nacional","tag-paralisacao","tag-sindicais","tag-trabalhadores"],"_links":{"self":[{"href":"https:\/\/blogs.correiobraziliense.com.br\/servidor\/wp-json\/wp\/v2\/posts\/2921","targetHints":{"allow":["GET"]}}],"collection":[{"href":"https:\/\/blogs.correiobraziliense.com.br\/servidor\/wp-json\/wp\/v2\/posts"}],"about":[{"href":"https:\/\/blogs.correiobraziliense.com.br\/servidor\/wp-json\/wp\/v2\/types\/post"}],"author":[{"embeddable":true,"href":"https:\/\/blogs.correiobraziliense.com.br\/servidor\/wp-json\/wp\/v2\/users\/27"}],"replies":[{"embeddable":true,"href":"https:\/\/blogs.correiobraziliense.com.br\/servidor\/wp-json\/wp\/v2\/comments?post=2921"}],"version-history":[{"count":1,"href":"https:\/\/blogs.correiobraziliense.com.br\/servidor\/wp-json\/wp\/v2\/posts\/2921\/revisions"}],"predecessor-version":[{"id":2922,"href":"https:\/\/blogs.correiobraziliense.com.br\/servidor\/wp-json\/wp\/v2\/posts\/2921\/revisions\/2922"}],"wp:attachment":[{"href":"https:\/\/blogs.correiobraziliense.com.br\/servidor\/wp-json\/wp\/v2\/media?parent=2921"}],"wp:term":[{"taxonomy":"category","embeddable":true,"href":"https:\/\/blogs.correiobraziliense.com.br\/servidor\/wp-json\/wp\/v2\/categories?post=2921"},{"taxonomy":"post_tag","embeddable":true,"href":"https:\/\/blogs.correiobraziliense.com.br\/servidor\/wp-json\/wp\/v2\/tags?post=2921"}],"curies":[{"name":"wp","href":"https:\/\/api.w.org\/{rel}","templated":true}]}}