{"id":2909,"date":"2016-09-20T19:12:31","date_gmt":"2016-09-20T22:12:31","guid":{"rendered":"https:\/\/blogs.correiobraziliense.com.br\/servidor\/?p=2909"},"modified":"2016-09-20T19:12:31","modified_gmt":"2016-09-20T22:12:31","slug":"bancarios-fortalecem-greve","status":"publish","type":"post","link":"https:\/\/blogs.correiobraziliense.com.br\/servidor\/bancarios-fortalecem-greve\/","title":{"rendered":"Banc\u00e1rios fortalecem greve"},"content":{"rendered":"<p><em>Em um dia marcado por atos antissindicais, trabalhadores mant\u00e9m mobiliza\u00e7\u00e3o forte<\/em>, <em>segundo o comando nacional dos banc\u00e1rios da Confedera\u00e7\u00e3o Nacional dos Trabalhadores no Ramo Financeiro (Contraf-CUT)<\/em><\/p>\n<p>O 15\u00ba dia de greve geral dos banc\u00e1rios, nesta ter\u00e7a-feira (20), foi tamb\u00e9m um dos mais dif\u00edceis para a categoria, segundo o sindicato. &#8220;Ao inv\u00e9s de chamar o Comando Nacional dos Banc\u00e1rios de volta para a mesa de negocia\u00e7\u00e3o e apresentarem uma proposta decente, os bancos investiram em pr\u00e1ticas antissindicais para tentar enfraquecer a mobiliza\u00e7\u00e3o. Mas n\u00e3o adiantou e 13.096 ag\u00eancias e 36 centros administrativos tiveram suas atividades paralisadas. O n\u00famero representa 56% das ag\u00eancias do Brasil&#8221;, in formou.<\/p>\n<p>Roberto von de Osten, presidente da Contraf-CUT e um dos coordenadores do Comando Nacional, salientou que o dia de hoje exigiu muita disposi\u00e7\u00e3o de luta dos banc\u00e1rios e banc\u00e1rias. \u201cOs bancos usaram a velha t\u00e1tica de permanecer em sil\u00eancio para que a ang\u00fastia tome conta de nossa greve. No lugar de chamar negocia\u00e7\u00f5es querem intimidar os grevistas. Limparam novamente as ag\u00eancias para tornar a greve invis\u00edvel, pressionaram de novo os trabalhadores para furar a greve, contrataram cart\u00f3rios para fazer atas e fotografar os locais com vistas a interditos, estimularam parceiros deles para que buscassem liminares contra nossa greve, em suma, mais do mesmo. Um brutal ataque aos nossos direitos pretendendo reduzir os sal\u00e1rios de nossas fam\u00edlias. E novamente os corajosos e indignados participantes desta greve de protesto resistiram. S\u00e3o gente de fibra. Sabem, cada um e cada uma que \u2018S\u00f3 a luta te garante!\u2019\u201d<\/p>\n<p>Principais reivindica\u00e7\u00f5es dos banc\u00e1rios<\/p>\n<p>Reajuste salarial: reposi\u00e7\u00e3o da infla\u00e7\u00e3o (9,62%) mais 5% de aumento real.<\/p>\n<p>PLR: 3 sal\u00e1rios mais R$8.317,90.<\/p>\n<p>Piso: R$3.940,24 (equivalente ao sal\u00e1rio m\u00ednimo do Dieese em valores de junho \u00faltimo).<\/p>\n<p>Vale alimenta\u00e7\u00e3o no valor de R$880,00 ao m\u00eas (valor do sal\u00e1rio m\u00ednimo).<\/p>\n<p>Vale refei\u00e7\u00e3o no valor de R$880,00 ao m\u00eas.<\/p>\n<p>13\u00aa cesta e aux\u00edlio-creche\/bab\u00e1 no valor de R$880,00 ao m\u00eas.<\/p>\n<p>Melhores condi\u00e7\u00f5es de trabalho com o fim das metas abusivas e do ass\u00e9dio moral que adoecem os banc\u00e1rios.<\/p>\n<p>Emprego: fim das demiss\u00f5es, mais contrata\u00e7\u00f5es, fim da rotatividade e combate \u00e0s terceiriza\u00e7\u00f5es diante dos riscos de aprova\u00e7\u00e3o do PLC 30\/15 no Senado Federal, al\u00e9m da ratifica\u00e7\u00e3o da Conven\u00e7\u00e3o 158 da OIT, que co\u00edbe dispensas imotivadas.<\/p>\n<p>Plano de Cargos, Carreiras e Sal\u00e1rios (PCCS): para todos os banc\u00e1rios.<\/p>\n<p>Aux\u00edlio-educa\u00e7\u00e3o: pagamento para gradua\u00e7\u00e3o e p\u00f3s.<\/p>\n<p>Preven\u00e7\u00e3o contra assaltos e sequestros: perman\u00eancia de dois vigilantes por andar nas ag\u00eancias e pontos de servi\u00e7os banc\u00e1rios, conforme legisla\u00e7\u00e3o. Instala\u00e7\u00e3o de portas girat\u00f3rias com detector de metais na entrada das \u00e1reas de autoatendimento e biombos nos caixas. Abertura e fechamento remoto das ag\u00eancias, fim da guarda das chaves por funcion\u00e1rios.<\/p>\n<p>Igualdade de oportunidades: fim \u00e0s discrimina\u00e7\u00f5es nos sal\u00e1rios e na ascens\u00e3o profissional de mulheres, negros, gays, l\u00e9sbicas, transexuais e pessoas com defici\u00eancia (PCDs).<\/p>\n","protected":false},"excerpt":{"rendered":"<p>Em um dia marcado por atos antissindicais, trabalhadores mant\u00e9m mobiliza\u00e7\u00e3o forte, segundo o comando nacional dos banc\u00e1rios da Confedera\u00e7\u00e3o Nacional dos Trabalhadores no Ramo Financeiro (Contraf-CUT) O 15\u00ba dia de greve geral dos banc\u00e1rios, nesta ter\u00e7a-feira (20), foi tamb\u00e9m um dos mais dif\u00edceis para a categoria, segundo o sindicato. &#8220;Ao inv\u00e9s de chamar o Comando Nacional dos Banc\u00e1rios de volta [&hellip;]<\/p>\n","protected":false},"author":27,"featured_media":0,"comment_status":"open","ping_status":"closed","sticky":false,"template":"","format":"standard","meta":{"footnotes":""},"categories":[2719],"tags":[1013,744,15,3619,42,3620,54,689],"class_list":["post-2909","post","type-post","status-publish","format-standard","hentry","category-servidor","tag-bancarios","tag-bancos","tag-greve","tag-mesa","tag-negociacao","tag-pressionaram","tag-proposta","tag-reivindicacoes"],"_links":{"self":[{"href":"https:\/\/blogs.correiobraziliense.com.br\/servidor\/wp-json\/wp\/v2\/posts\/2909","targetHints":{"allow":["GET"]}}],"collection":[{"href":"https:\/\/blogs.correiobraziliense.com.br\/servidor\/wp-json\/wp\/v2\/posts"}],"about":[{"href":"https:\/\/blogs.correiobraziliense.com.br\/servidor\/wp-json\/wp\/v2\/types\/post"}],"author":[{"embeddable":true,"href":"https:\/\/blogs.correiobraziliense.com.br\/servidor\/wp-json\/wp\/v2\/users\/27"}],"replies":[{"embeddable":true,"href":"https:\/\/blogs.correiobraziliense.com.br\/servidor\/wp-json\/wp\/v2\/comments?post=2909"}],"version-history":[{"count":1,"href":"https:\/\/blogs.correiobraziliense.com.br\/servidor\/wp-json\/wp\/v2\/posts\/2909\/revisions"}],"predecessor-version":[{"id":2910,"href":"https:\/\/blogs.correiobraziliense.com.br\/servidor\/wp-json\/wp\/v2\/posts\/2909\/revisions\/2910"}],"wp:attachment":[{"href":"https:\/\/blogs.correiobraziliense.com.br\/servidor\/wp-json\/wp\/v2\/media?parent=2909"}],"wp:term":[{"taxonomy":"category","embeddable":true,"href":"https:\/\/blogs.correiobraziliense.com.br\/servidor\/wp-json\/wp\/v2\/categories?post=2909"},{"taxonomy":"post_tag","embeddable":true,"href":"https:\/\/blogs.correiobraziliense.com.br\/servidor\/wp-json\/wp\/v2\/tags?post=2909"}],"curies":[{"name":"wp","href":"https:\/\/api.w.org\/{rel}","templated":true}]}}