{"id":2905,"date":"2016-09-20T17:06:34","date_gmt":"2016-09-20T20:06:34","guid":{"rendered":"https:\/\/blogs.correiobraziliense.com.br\/servidor\/?p=2905"},"modified":"2016-09-20T17:06:34","modified_gmt":"2016-09-20T20:06:34","slug":"propostas-para-previdencia","status":"publish","type":"post","link":"https:\/\/blogs.correiobraziliense.com.br\/servidor\/propostas-para-previdencia\/","title":{"rendered":"Propostas para a Previd\u00eancia"},"content":{"rendered":"<p>A Associa\u00e7\u00e3o Nacional dos Auditores Fiscais (Anfip), a Funda\u00e7\u00e3o Anfip e o Departamento Intersindical de Estat\u00edstica e Estudos Socioecon\u00f4micos (Dieese) v\u00e3o reunir os principais estudiosos e acad\u00eamicos sobre Previd\u00eancia Social para elaborar subs\u00eddios sobre as atuais discuss\u00f5es a respeito do sistema.<\/p>\n<p>O grupo, que ter\u00e1 a primeira reuni\u00e3o na quarta-feira (21), em Bras\u00edlia, vai discutir um conjunto de alternativas para a inclus\u00e3o social a partir do atual regime previdenci\u00e1rio, h\u00e1 mais de 90 anos no Brasil. O estudo deve ser conclu\u00eddo at\u00e9 meados de dezembro e ser\u00e1 encaminhado ao governo federal e ao Congresso Nacional. A inten\u00e7\u00e3o \u00e9 contribuir para o debate no Legislativo a partir de proposta a ser enviada pelo Pal\u00e1cio do Planalto sobre a Previd\u00eancia Social.<\/p>\n<p>O presidente da Anfip, Vilson Antonio Romero, adianta que \u00e9 preciso compromisso social ao discutir qualquer altera\u00e7\u00e3o no modelo de Seguridade do Brasil. \u201cA nossa Previd\u00eancia \u00e9 o maior programa de distribui\u00e7\u00e3o de renda do mundo ocidental, ent\u00e3o, temos de lidar com ela com a devida aten\u00e7\u00e3o e cuidado. N\u00e3o \u00e9 hora de discursos superficiais ou oportunistas, e sim de an\u00e1lises t\u00e9cnicas, baseadas em informa\u00e7\u00f5es que assegurem o interesse da sociedade brasileira\u201d, observa.<\/p>\n<p>Os trabalhos ser\u00e3o coordenados pelos mestres D\u00e9cio Bruno Lopes e Denise Gentil e pelo economista Eduardo Fagnani. Al\u00e9m das equipes t\u00e9cnicas da Anfip e do Dieese, tamb\u00e9m foram convidados para o grupo de trabalho, entre outros, os especialistas Milko Matjasic, Fl\u00e1vio Tonelli, Clovis Scherer, Grazielle David, Rodrigo Oct\u00e1vio Orair, Maria de F\u00e1tima Lage Guerra, Jorge Abrah\u00e3o de Castro e Guilherme Delgado.<\/p>\n<p><strong><u>SERVI\u00c7O<\/u><\/strong><\/p>\n<p>&nbsp;<\/p>\n<p><strong>Discuss\u00f5es sobre Previd\u00eancia <\/strong><\/p>\n<p><strong>Onde:<\/strong> Sede da Anfip, no SBN Quadra 2, Bloco H, Bras\u00edlia-DF.<\/p>\n<p><strong>Quando:<\/strong> Quarta-feira, 21\/9\/2016, das 10h \u00e0s 17h.<\/p>\n","protected":false},"excerpt":{"rendered":"<p>A Associa\u00e7\u00e3o Nacional dos Auditores Fiscais (Anfip), a Funda\u00e7\u00e3o Anfip e o Departamento Intersindical de Estat\u00edstica e Estudos Socioecon\u00f4micos (Dieese) v\u00e3o reunir os principais estudiosos e acad\u00eamicos sobre Previd\u00eancia Social para elaborar subs\u00eddios sobre as atuais discuss\u00f5es a respeito do sistema. O grupo, que ter\u00e1 a primeira reuni\u00e3o na quarta-feira (21), em Bras\u00edlia, vai discutir um conjunto de alternativas para [&hellip;]<\/p>\n","protected":false},"author":27,"featured_media":0,"comment_status":"open","ping_status":"closed","sticky":false,"template":"","format":"standard","meta":{"footnotes":""},"categories":[2719],"tags":[3618,970,771,100,2026,3617,98,10,3616,922,2325],"class_list":["post-2905","post","type-post","status-publish","format-standard","hentry","category-servidor","tag-academicos","tag-alteracao","tag-anfip","tag-congresso","tag-dieese","tag-estudiosos","tag-governo","tag-legislativo","tag-previdenia","tag-propostas","tag-regime"],"_links":{"self":[{"href":"https:\/\/blogs.correiobraziliense.com.br\/servidor\/wp-json\/wp\/v2\/posts\/2905","targetHints":{"allow":["GET"]}}],"collection":[{"href":"https:\/\/blogs.correiobraziliense.com.br\/servidor\/wp-json\/wp\/v2\/posts"}],"about":[{"href":"https:\/\/blogs.correiobraziliense.com.br\/servidor\/wp-json\/wp\/v2\/types\/post"}],"author":[{"embeddable":true,"href":"https:\/\/blogs.correiobraziliense.com.br\/servidor\/wp-json\/wp\/v2\/users\/27"}],"replies":[{"embeddable":true,"href":"https:\/\/blogs.correiobraziliense.com.br\/servidor\/wp-json\/wp\/v2\/comments?post=2905"}],"version-history":[{"count":1,"href":"https:\/\/blogs.correiobraziliense.com.br\/servidor\/wp-json\/wp\/v2\/posts\/2905\/revisions"}],"predecessor-version":[{"id":2906,"href":"https:\/\/blogs.correiobraziliense.com.br\/servidor\/wp-json\/wp\/v2\/posts\/2905\/revisions\/2906"}],"wp:attachment":[{"href":"https:\/\/blogs.correiobraziliense.com.br\/servidor\/wp-json\/wp\/v2\/media?parent=2905"}],"wp:term":[{"taxonomy":"category","embeddable":true,"href":"https:\/\/blogs.correiobraziliense.com.br\/servidor\/wp-json\/wp\/v2\/categories?post=2905"},{"taxonomy":"post_tag","embeddable":true,"href":"https:\/\/blogs.correiobraziliense.com.br\/servidor\/wp-json\/wp\/v2\/tags?post=2905"}],"curies":[{"name":"wp","href":"https:\/\/api.w.org\/{rel}","templated":true}]}}