{"id":2903,"date":"2016-09-20T16:15:28","date_gmt":"2016-09-20T19:15:28","guid":{"rendered":"https:\/\/blogs.correiobraziliense.com.br\/servidor\/?p=2903"},"modified":"2016-09-20T16:15:28","modified_gmt":"2016-09-20T19:15:28","slug":"ferro-frente-carta-aberta-em-apoio-ao-mpfsp","status":"publish","type":"post","link":"https:\/\/blogs.correiobraziliense.com.br\/servidor\/ferro-frente-carta-aberta-em-apoio-ao-mpfsp\/","title":{"rendered":"Ferro Frente &#8211; Carta aberta em apoio ao MPF\/SP"},"content":{"rendered":"<p>A Frente Nacional pela Volta das Ferrovias (Ferrofrente) divulgou Carta Aberta em apoio ao Minist\u00e9rio P\u00fablico Federal que entrou com A\u00e7\u00e3o Civil P\u00fablica para que a Justi\u00e7a anule imediatamente o contrato de concess\u00e3o das linhas f\u00e9rreas no interior do Porto de Santos.<\/p>\n<p>A concess\u00e3o foi feita em 2000, sem licita\u00e7\u00e3o entre a Companhia Docas do Estado de S\u00e3o Paulo (Codesp) e o cons\u00f3rcio Portofer.\u00a0 As quatro empresas que integravam o grupo tinham condi\u00e7\u00f5es de competir entre si, mas formaram um cartel para justificar a dispensa do processo licitat\u00f3rio.<\/p>\n<p>Segundo o presidente da Ferrofrente, Jos\u00e9 Manoel Ferreira Gon\u00e7alves, \u201c precisamos de um novo Marco Regulat\u00f3rio que defina aspectos importantes como o direito de passagem. N\u00e3o \u00e9 poss\u00edvel que mantenhamos ferrovias de uso exclusivo por poucos enquanto a esmagadora maioria das empresas, cooperativas e cidad\u00e3os ficam na pr\u00e1tica impedidos de circularem de forma economicamente vi\u00e1vel\u201d.<\/p>\n<p>E acrescenta, que \u201c seria justo que o concession\u00e1rio cobre pelo uso dos trilhos que mant\u00e9m e opera de forma regular, mas que, tamb\u00e9m de forma equilibrada, seja garantido o uso da via para outras cargas, mesmo que esse uso signifique uma efetiva concorr\u00eancia direta com os interesses do concession\u00e1rio. E que se evite o fechamento, como atualmente se verifica, de in\u00fameros ramais ferrovi\u00e1rios que os detentores das concess\u00f5es considerem n\u00e3o lucrativos para os seus padr\u00f5es em evidente detrimento do pa\u00eds\u201d.<\/p>\n<p>No texto da Carta Aberta, a Ferrofrente considera que as ag\u00eancias reguladoras tamb\u00e9m precisam de fato defender esse interesse geral. Surgiram para exatamente cuidar do interesse p\u00fablico nos investimentos privados de infraestrutura. &#8220;Mas o que se observou foi cada vez mais essas ag\u00eancias cuidarem do interesse das empresas, em franca invers\u00e3o de fun\u00e7\u00e3o, e bancadas, claro, pelo dinheiro p\u00fablico. A composi\u00e7\u00e3o t\u00e9cnica dos quadros dessas ag\u00eancias mostrou-se falaciosa, vez que as indica\u00e7\u00f5es para os cargos t\u00eam sido flagrantemente pol\u00edticas&#8221;, diz a nota.<\/p>\n<p>&#8220;O que pedimos na carta aberta \u00e9 o apoio de todos os cidad\u00e3os, sindicatos, entidades, e profissionais do setor para que se exija a defini\u00e7\u00e3o clara, \u00e0 luz do dia, desse detalhamento a respeito do marco regulat\u00f3rio, porque trata-se de uma quest\u00e3o vital para o desenvolvimento de toda a na\u00e7\u00e3o&#8221;,, conclui Jos\u00e9 Manoel.<\/p>\n<p>&nbsp;<\/p>\n","protected":false},"excerpt":{"rendered":"<p>A Frente Nacional pela Volta das Ferrovias (Ferrofrente) divulgou Carta Aberta em apoio ao Minist\u00e9rio P\u00fablico Federal que entrou com A\u00e7\u00e3o Civil P\u00fablica para que a Justi\u00e7a anule imediatamente o contrato de concess\u00e3o das linhas f\u00e9rreas no interior do Porto de Santos. A concess\u00e3o foi feita em 2000, sem licita\u00e7\u00e3o entre a Companhia Docas do Estado de S\u00e3o Paulo (Codesp) [&hellip;]<\/p>\n","protected":false},"author":27,"featured_media":0,"comment_status":"open","ping_status":"closed","sticky":false,"template":"","format":"standard","meta":{"footnotes":""},"categories":[2719],"tags":[176,249,792,3318,745,3609,3614,260,3615,453],"class_list":["post-2903","post","type-post","status-publish","format-standard","hentry","category-servidor","tag-acao","tag-anular","tag-apoio","tag-concessao","tag-contrato","tag-ferreas","tag-ferrofrente","tag-justica","tag-linhas","tag-mpf"],"_links":{"self":[{"href":"https:\/\/blogs.correiobraziliense.com.br\/servidor\/wp-json\/wp\/v2\/posts\/2903","targetHints":{"allow":["GET"]}}],"collection":[{"href":"https:\/\/blogs.correiobraziliense.com.br\/servidor\/wp-json\/wp\/v2\/posts"}],"about":[{"href":"https:\/\/blogs.correiobraziliense.com.br\/servidor\/wp-json\/wp\/v2\/types\/post"}],"author":[{"embeddable":true,"href":"https:\/\/blogs.correiobraziliense.com.br\/servidor\/wp-json\/wp\/v2\/users\/27"}],"replies":[{"embeddable":true,"href":"https:\/\/blogs.correiobraziliense.com.br\/servidor\/wp-json\/wp\/v2\/comments?post=2903"}],"version-history":[{"count":1,"href":"https:\/\/blogs.correiobraziliense.com.br\/servidor\/wp-json\/wp\/v2\/posts\/2903\/revisions"}],"predecessor-version":[{"id":2904,"href":"https:\/\/blogs.correiobraziliense.com.br\/servidor\/wp-json\/wp\/v2\/posts\/2903\/revisions\/2904"}],"wp:attachment":[{"href":"https:\/\/blogs.correiobraziliense.com.br\/servidor\/wp-json\/wp\/v2\/media?parent=2903"}],"wp:term":[{"taxonomy":"category","embeddable":true,"href":"https:\/\/blogs.correiobraziliense.com.br\/servidor\/wp-json\/wp\/v2\/categories?post=2903"},{"taxonomy":"post_tag","embeddable":true,"href":"https:\/\/blogs.correiobraziliense.com.br\/servidor\/wp-json\/wp\/v2\/tags?post=2903"}],"curies":[{"name":"wp","href":"https:\/\/api.w.org\/{rel}","templated":true}]}}