{"id":290,"date":"2015-07-01T13:33:00","date_gmt":"2015-07-01T16:33:00","guid":{"rendered":"https:\/\/blogs.correiobraziliense.com.br\/servidor\/mte_lanca_site_para_facilitar_consulta_de_dados_sobre_mercado_de_trabalho\/"},"modified":"2015-07-01T13:33:00","modified_gmt":"2015-07-01T16:33:00","slug":"mte_lanca_site_para_facilitar_consulta_de_dados_sobre_mercado_de_trabalho","status":"publish","type":"post","link":"https:\/\/blogs.correiobraziliense.com.br\/servidor\/mte_lanca_site_para_facilitar_consulta_de_dados_sobre_mercado_de_trabalho\/","title":{"rendered":"MTE LAN\u00c7A SITE PARA FACILITAR CONSULTA DE DADOS SOBRE MERCADO DE TRABALHO"},"content":{"rendered":"<p>Plataforma integra, inicialmente, o Caged, a RAIS e o Sistema de Registro de Empresas de Trabalho Tempor\u00e1rio (Sirett) <\/p>\n<p>A partir de agora ser\u00e1 poss\u00edvel ter acesso \u00e0s principais informa\u00e7\u00f5es sobre emprego e rendimento em um s\u00f3 lugar. O Minist\u00e9rio do Trabalho e Emprego (MTE) lan\u00e7ou nesta quarta-feira (1\u00b0), o Painel de Monitoramento do Mercado de Trabalho, que representa um novo instrumento para integrar e organizar os dados reunidos no Cadastro Geral de Empregados e Desempregados (Caged), no Sistema de Registro de Empresas de Trabalho Tempor\u00e1rio (Sirett) e na Rela\u00e7\u00e3o Anual de Informa\u00e7\u00f5es Sociais (RAIS).  <\/p>\n<p>&nbsp; <\/p>\n<p>A cerim\u00f4nia de lan\u00e7amento, com a presen\u00e7a do ministro interno do Trabalho e Emprego, Francisco Ibiapina, e do secret\u00e1rio de Pol\u00edticas P\u00fablicas de Emprego, Giovanni Queiroz, foi no edif\u00edcio-sede do Minist\u00e9rio do Trabalho e Emprego, em Bras\u00edlia. \u201cEssa \u00e9 mais uma das iniciativas do Minist\u00e9rio que buscam ampliar a transpar\u00eancia e fortalecer o uso das suas informa\u00e7\u00f5es para o aprimoramento da gest\u00e3o, destacou o secret\u00e1rio. \u201cAl\u00e9m disso, \u00e9 um instrumento acess\u00edvel, que utiliza a web como plataforma e se prop\u00f5e a fazer uma dissemina\u00e7\u00e3o amig\u00e1vel e de f\u00e1cil utiliza\u00e7\u00e3o\u201d, completou Queiroz.&nbsp;&nbsp;  <\/p>\n<p>&nbsp; <\/p>\n<p>Em sua primeira vers\u00e3o, o Painel traz informa\u00e7\u00f5es atualizadas mensalmente para todos os estados, e cada um dos 5.570 munic\u00edpios brasileiros, sobre a movimenta\u00e7\u00e3o do mercado de trabalho formal e a evolu\u00e7\u00e3o do rendimento dos trabalhadores. A plataforma \u00e9 aberta e pode ser acessada no Portal MTE.  <\/p>\n<p>&nbsp; <\/p>\n<p>\u201cO nosso objetivo \u00e9 criar uma ferramenta que auxilie o trabalho dos gestores e das organiza\u00e7\u00f5es da sociedade civil e ap\u00f3ie o desenvolvimento das pol\u00edticas p\u00fablicas de emprego e renda. Mas como \u00e9 uma plataforma aberta, pode ser usada por qualquer cidad\u00e3o, al\u00e9m da imprensa\u201d, explica Vin\u00edcius Lobo, do Observat\u00f3rio do Mercado de Trabalho, ligado ao TEM.  <\/p>\n<p>&nbsp; <\/p>\n<p>Lobo destaca, ainda, que o Painel de Monitoramento ser\u00e1 ampliado, de maneira a integrar informa\u00e7\u00f5es do mercado de trabalho informal, do seguro-desemprego, do Abono Salarial e do Fundo de Garantia por Tempo de Servi\u00e7o. \u201cNosso objetivo \u00e9 torn\u00e1-lo um instrumento de consulta o mais completo poss\u00edvel\u201d, conclui.&nbsp;&nbsp;&nbsp;  <\/p>\n<p>&nbsp; <\/p>\n<p>Conhe\u00e7a o Painel de Monitoramento Anal\u00edtico do Mercado de Trabalho no link: e.gov.br\/mercadodetrabalho).&nbsp;  <\/p>\n<p>&nbsp; <\/p>\n<p>Bras\u00edlia, 13h30min <\/p>\n","protected":false},"excerpt":{"rendered":"<p>Plataforma integra, inicialmente, o Caged, a RAIS e o Sistema de Registro de Empresas de Trabalho Tempor\u00e1rio (Sirett) A partir de agora ser\u00e1 poss\u00edvel ter acesso \u00e0s principais informa\u00e7\u00f5es sobre emprego e rendimento em um s\u00f3 lugar. O Minist\u00e9rio do Trabalho e Emprego (MTE) lan\u00e7ou nesta quarta-feira (1\u00b0), o Painel de Monitoramento do Mercado de Trabalho, que representa um novo [&hellip;]<\/p>\n","protected":false},"author":27,"featured_media":0,"comment_status":"open","ping_status":"open","sticky":false,"template":"","format":"standard","meta":{"footnotes":""},"categories":[1],"tags":[],"class_list":["post-290","post","type-post","status-publish","format-standard","hentry","category-sem-categoria"],"_links":{"self":[{"href":"https:\/\/blogs.correiobraziliense.com.br\/servidor\/wp-json\/wp\/v2\/posts\/290","targetHints":{"allow":["GET"]}}],"collection":[{"href":"https:\/\/blogs.correiobraziliense.com.br\/servidor\/wp-json\/wp\/v2\/posts"}],"about":[{"href":"https:\/\/blogs.correiobraziliense.com.br\/servidor\/wp-json\/wp\/v2\/types\/post"}],"author":[{"embeddable":true,"href":"https:\/\/blogs.correiobraziliense.com.br\/servidor\/wp-json\/wp\/v2\/users\/27"}],"replies":[{"embeddable":true,"href":"https:\/\/blogs.correiobraziliense.com.br\/servidor\/wp-json\/wp\/v2\/comments?post=290"}],"version-history":[{"count":0,"href":"https:\/\/blogs.correiobraziliense.com.br\/servidor\/wp-json\/wp\/v2\/posts\/290\/revisions"}],"wp:attachment":[{"href":"https:\/\/blogs.correiobraziliense.com.br\/servidor\/wp-json\/wp\/v2\/media?parent=290"}],"wp:term":[{"taxonomy":"category","embeddable":true,"href":"https:\/\/blogs.correiobraziliense.com.br\/servidor\/wp-json\/wp\/v2\/categories?post=290"},{"taxonomy":"post_tag","embeddable":true,"href":"https:\/\/blogs.correiobraziliense.com.br\/servidor\/wp-json\/wp\/v2\/tags?post=290"}],"curies":[{"name":"wp","href":"https:\/\/api.w.org\/{rel}","templated":true}]}}