{"id":2881,"date":"2016-09-15T15:32:43","date_gmt":"2016-09-15T18:32:43","guid":{"rendered":"https:\/\/blogs.correiobraziliense.com.br\/servidor\/?p=2881"},"modified":"2016-09-15T15:32:43","modified_gmt":"2016-09-15T18:32:43","slug":"ministerio-da-integracao-revitalizacao-do-sao-francisco-e-prioridade-do-governo-ffederal","status":"publish","type":"post","link":"https:\/\/blogs.correiobraziliense.com.br\/servidor\/ministerio-da-integracao-revitalizacao-do-sao-francisco-e-prioridade-do-governo-ffederal\/","title":{"rendered":"Minist\u00e9rio da Integra\u00e7\u00e3o &#8211; Revitaliza\u00e7\u00e3o do S\u00e3o Francisco \u00e9 prioridade do governo fFederal"},"content":{"rendered":"<p><i>At\u00e9 2026 ser\u00e3o investidos mais de R$ 6 bilh\u00f5es para garantir quantidade e qualidade da \u00e1gua<\/i><\/p>\n<p>O ministro da Integra\u00e7\u00e3o Nacional, Helder Barbalho, reafirmou que a revitaliza\u00e7\u00e3o do rio S\u00e3o Francisco \u00e9 prioridade do governo federal, por orienta\u00e7\u00e3o do presidente Michel Temer, e que s\u00e3o estimados investimentos na ordem de R$ 6 bilh\u00f5es\u00a0at\u00e9 2026.\u201cOlhar para a qualidade da \u00e1gua, com investimentos em saneamento, em abastecimento de \u00e1gua para as cidades que comp\u00f5em a bacia, com iniciativas de m\u00e9dio e longo prazo que possam garantir a quantidade e a qualidade da \u00e1gua do S\u00e3o Francisco\u201d, disse Barbalho.<\/p>\n<p>Ao participar do debate sobre o Plano de Recursos H\u00eddricos da Bacia Hidrogr\u00e1fica do Rio S\u00e3o Francisco \u2013 Per\u00edodo de 2016-2025, organizado pelo Comit\u00ea da Bacia Hidrogr\u00e1fica do Rio S\u00e3o Francisco (CBHSF), em Belo Horizonte (MG), o ministro tamb\u00e9m\u00a0informou que o objetivo \u00e9 integrar as propostas do Comit\u00ea ao Plano Novo Chico \u2013 lan\u00e7ado em agosto pelo &#8211; para aprimorar as medidas e a\u00e7\u00f5es que est\u00e3o sendo produzidas pela C\u00e2mara T\u00e9cnica do Programa de Revitaliza\u00e7\u00e3o. Elaborado pelo Comit\u00ea, o Plano de Recursos H\u00eddricos abrange toda a \u00e1rea da bacia hidrogr\u00e1fica do Rio S\u00e3o Francisco, incluindo os estados da Bahia, Minas Gerais, Pernambuco, Alagoas, Sergipe, Goi\u00e1s, Distrito Federal e 505 munic\u00edpios.<\/p>\n<p>O ministro ressaltou a import\u00e2ncia da participa\u00e7\u00e3o dos comit\u00eas h\u00eddricos, da sociedade civil e comunidades na gest\u00e3o dos recursos h\u00eddricos, principalmente porque o Brasil \u00e9 o pa\u00eds com a maior reserva de \u00e1gua doce do mundo. \u201cA Pol\u00edtica Nacional de Recursos H\u00eddricos prev\u00ea que a gest\u00e3o deve ser descentralizada e deve contar com a participa\u00e7\u00e3o do poder p\u00fablico, dos usu\u00e1rios e das comunidades. Os comit\u00eas de bacias hidrogr\u00e1ficas encontram hoje, em nosso pa\u00eds, um ambiente favor\u00e1vel ao seu funcionamento como inst\u00e2ncias participativas. Essa \u00e9 uma vit\u00f3ria e espelha o elevado grau de mobiliza\u00e7\u00e3o dos agentes engajados na defesa dos nossos mananciais\u201d.<\/p>\n<p>O Comit\u00ea tamb\u00e9m participa das discuss\u00f5es da C\u00e2mara T\u00e9cnica do Plano Novo Chico, que tem trabalhado em cinco eixos tem\u00e1ticos: planejamento e monitoramento; gest\u00e3o e educa\u00e7\u00e3o ambiental; prote\u00e7\u00e3o e uso sustent\u00e1vel dos recursos naturais; economias sustent\u00e1veis; e saneamento, controle de polui\u00e7\u00e3o e infraestrutura h\u00eddrica.<\/p>\n<p>O andamento das obras do Projeto de Integra\u00e7\u00e3o do S\u00e3o Francisco tamb\u00e9m foi abordado pelo ministro, durante a 30\u00aa Reuni\u00e3o Plen\u00e1ria Ordin\u00e1ria \u201cRumo ao Futuro\u201d. Segundo Helder Barbalho, o Minist\u00e9rio da Integra\u00e7\u00e3o Nacional conseguiu superar, em menos de quatro meses, dificuldades financeiras e operacionais. \u201cAlcan\u00e7aremos em breve a marca de 90% de conclus\u00e3o da maior obra de seguran\u00e7a h\u00eddrica do Brasil, que beneficiar\u00e1 12 milh\u00f5es de cidad\u00e3os a partir do ano que vem. Por\u00e9m, sabemos a import\u00e2ncia de nunca abrir m\u00e3o da sustentabilidade socioambiental. Por isso, atribu\u00edmos m\u00e1xima relev\u00e2ncia a este evento e ao Plano de Recursos H\u00eddricos\u201d, destacou.<\/p>\n<p>&nbsp;<\/p>\n","protected":false},"excerpt":{"rendered":"<p>At\u00e9 2026 ser\u00e3o investidos mais de R$ 6 bilh\u00f5es para garantir quantidade e qualidade da \u00e1gua O ministro da Integra\u00e7\u00e3o Nacional, Helder Barbalho, reafirmou que a revitaliza\u00e7\u00e3o do rio S\u00e3o Francisco \u00e9 prioridade do governo federal, por orienta\u00e7\u00e3o do presidente Michel Temer, e que s\u00e3o estimados investimentos na ordem de R$ 6 bilh\u00f5es\u00a0at\u00e9 2026.\u201cOlhar para a qualidade da \u00e1gua, com [&hellip;]<\/p>\n","protected":false},"author":27,"featured_media":0,"comment_status":"open","ping_status":"closed","sticky":false,"template":"","format":"standard","meta":{"footnotes":""},"categories":[2719],"tags":[124,98,3588,2316,3228,3229],"class_list":["post-2881","post","type-post","status-publish","format-standard","hentry","category-servidor","tag-federal","tag-governo","tag-ministerio-da-integracao","tag-prioridade","tag-revitalizacao","tag-rio-sao-francisco"],"_links":{"self":[{"href":"https:\/\/blogs.correiobraziliense.com.br\/servidor\/wp-json\/wp\/v2\/posts\/2881","targetHints":{"allow":["GET"]}}],"collection":[{"href":"https:\/\/blogs.correiobraziliense.com.br\/servidor\/wp-json\/wp\/v2\/posts"}],"about":[{"href":"https:\/\/blogs.correiobraziliense.com.br\/servidor\/wp-json\/wp\/v2\/types\/post"}],"author":[{"embeddable":true,"href":"https:\/\/blogs.correiobraziliense.com.br\/servidor\/wp-json\/wp\/v2\/users\/27"}],"replies":[{"embeddable":true,"href":"https:\/\/blogs.correiobraziliense.com.br\/servidor\/wp-json\/wp\/v2\/comments?post=2881"}],"version-history":[{"count":2,"href":"https:\/\/blogs.correiobraziliense.com.br\/servidor\/wp-json\/wp\/v2\/posts\/2881\/revisions"}],"predecessor-version":[{"id":2883,"href":"https:\/\/blogs.correiobraziliense.com.br\/servidor\/wp-json\/wp\/v2\/posts\/2881\/revisions\/2883"}],"wp:attachment":[{"href":"https:\/\/blogs.correiobraziliense.com.br\/servidor\/wp-json\/wp\/v2\/media?parent=2881"}],"wp:term":[{"taxonomy":"category","embeddable":true,"href":"https:\/\/blogs.correiobraziliense.com.br\/servidor\/wp-json\/wp\/v2\/categories?post=2881"},{"taxonomy":"post_tag","embeddable":true,"href":"https:\/\/blogs.correiobraziliense.com.br\/servidor\/wp-json\/wp\/v2\/tags?post=2881"}],"curies":[{"name":"wp","href":"https:\/\/api.w.org\/{rel}","templated":true}]}}