{"id":2879,"date":"2016-09-15T15:25:56","date_gmt":"2016-09-15T18:25:56","guid":{"rendered":"https:\/\/blogs.correiobraziliense.com.br\/servidor\/?p=2879"},"modified":"2016-09-15T15:25:56","modified_gmt":"2016-09-15T18:25:56","slug":"embraer-divulga-adesoes-ao-pdv-e-sindicato-mantem-luta-em-defesa-do-emprego","status":"publish","type":"post","link":"https:\/\/blogs.correiobraziliense.com.br\/servidor\/embraer-divulga-adesoes-ao-pdv-e-sindicato-mantem-luta-em-defesa-do-emprego\/","title":{"rendered":"Embraer divulga ades\u00f5es ao PDV e Sindicato dos Metal\u00fargicos mant\u00e9m entendimento contr\u00e1rio"},"content":{"rendered":"<p>Por meio de nota, o Sindicato dos Metal\u00fargicos de S\u00e3o Jos\u00e9 dos Campos e Regi\u00e3o informou que a Embraer divulgou, nesta quinta-feira (15), o n\u00famero de ades\u00f5es ao Plano de Demiss\u00e3o Volunt\u00e1ria (PDV), encerrado ontem. Segundo a empresa, 1.470 trabalhadores aderiram, sendo que deste total entre 600 e 700 s\u00e3o metal\u00fargicos de S\u00e3o Jos\u00e9 dos Campos.<\/p>\n<p>&#8220;O Sindicato dos Metal\u00fargicos de S\u00e3o Jos\u00e9 dos Campos e Regi\u00e3o, filiado \u00e0 CSP-Conlutas, mant\u00e9m seu posicionamento contr\u00e1rio ao PDV. As demiss\u00f5es s\u00e3o desnecess\u00e1rias e fruto da pol\u00edtica da desnacionaliza\u00e7\u00e3o da Embraer e do envolvimento da empresa num caso de corrup\u00e7\u00e3o investigado pelo Minist\u00e9rio P\u00fablico Federal do Rio de Janeiro&#8221;, destaca a nota.<\/p>\n<p>O Sindicato j\u00e1 come\u00e7ou uma campanha em defesa do emprego, cobrando inclusive dos governos federal, estadual e municipal medidas que barrem o processo de demiss\u00e3o. &#8220;Reafirmamos a reivindica\u00e7\u00e3o da categoria, por redu\u00e7\u00e3o da jornada para 40 horas semanais e estabilidade no emprego&#8221;, defende.<\/p>\n<p>Em S\u00e3o Jos\u00e9 dos Campos, onde est\u00e1 instalada a matriz da Embraer, os trabalhadores j\u00e1 aprovaram em assembleia, em 18 de agosto, um plano de lutas contra as demiss\u00f5es.\u00a0 Assim como o Sindicato, os trabalhadores defendem que a empresa pare com o processo de transfer\u00eancia de parte da produ\u00e7\u00e3o para o exterior e que os acionistas arquem com a poss\u00edvel multa de US$ 200 milh\u00f5es referente ao caso de corrup\u00e7\u00e3o investigado pelo Minist\u00e9rio P\u00fablico Federal do Rio de janeiro.<\/p>\n<p><strong>Press\u00e3o na f\u00e1brica<\/strong><\/p>\n<p>As tr\u00eas f\u00e1bricas da Embraer em S\u00e3o Jos\u00e9 dos Campos (matriz, unidade do distrito de Eug\u00eanio de Melo e Eleb Equipamentos) somam juntas cerca de 13 mil trabalhadores. Al\u00e9m dos metal\u00fargicos, h\u00e1 outras categorias nas f\u00e1bricas, como engenheiros, t\u00e9cnicos e secret\u00e1rias.\u00a0 Portanto, o n\u00famero de ades\u00f5es em S\u00e3o Jos\u00e9 dos Campos pode ser superior aos 700 metal\u00fargicos informados pela Embraer.<\/p>\n<p>Desde a abertura do PDV, diversos trabalhadores t\u00eam procurado o Sindicato para denunciar casos de ass\u00e9dio moral praticado pela chefia, especialmente sobre os funcion\u00e1rios mais velhos.<\/p>\n<p>&#8220;Esta pr\u00e1tica s\u00f3 vem reafirmar que PDV \u00e9 demiss\u00e3o e, portanto, n\u00e3o tem o apoio do Sindicato&#8221;, finaliza o documento.<\/p>\n","protected":false},"excerpt":{"rendered":"<p>Por meio de nota, o Sindicato dos Metal\u00fargicos de S\u00e3o Jos\u00e9 dos Campos e Regi\u00e3o informou que a Embraer divulgou, nesta quinta-feira (15), o n\u00famero de ades\u00f5es ao Plano de Demiss\u00e3o Volunt\u00e1ria (PDV), encerrado ontem. Segundo a empresa, 1.470 trabalhadores aderiram, sendo que deste total entre 600 e 700 s\u00e3o metal\u00fargicos de S\u00e3o Jos\u00e9 dos Campos. &#8220;O Sindicato dos Metal\u00fargicos [&hellip;]<\/p>\n","protected":false},"author":27,"featured_media":0,"comment_status":"open","ping_status":"closed","sticky":false,"template":"","format":"standard","meta":{"footnotes":""},"categories":[2719],"tags":[3587,3586,2983,205,194,195,128,3086,440],"class_list":["post-2879","post","type-post","status-publish","format-standard","hentry","category-servidor","tag-acionistas","tag-adesoes","tag-contrario","tag-corrupcao","tag-desnacionalizacao","tag-embraer","tag-metalurgicos","tag-pdv","tag-sindicato"],"_links":{"self":[{"href":"https:\/\/blogs.correiobraziliense.com.br\/servidor\/wp-json\/wp\/v2\/posts\/2879","targetHints":{"allow":["GET"]}}],"collection":[{"href":"https:\/\/blogs.correiobraziliense.com.br\/servidor\/wp-json\/wp\/v2\/posts"}],"about":[{"href":"https:\/\/blogs.correiobraziliense.com.br\/servidor\/wp-json\/wp\/v2\/types\/post"}],"author":[{"embeddable":true,"href":"https:\/\/blogs.correiobraziliense.com.br\/servidor\/wp-json\/wp\/v2\/users\/27"}],"replies":[{"embeddable":true,"href":"https:\/\/blogs.correiobraziliense.com.br\/servidor\/wp-json\/wp\/v2\/comments?post=2879"}],"version-history":[{"count":1,"href":"https:\/\/blogs.correiobraziliense.com.br\/servidor\/wp-json\/wp\/v2\/posts\/2879\/revisions"}],"predecessor-version":[{"id":2880,"href":"https:\/\/blogs.correiobraziliense.com.br\/servidor\/wp-json\/wp\/v2\/posts\/2879\/revisions\/2880"}],"wp:attachment":[{"href":"https:\/\/blogs.correiobraziliense.com.br\/servidor\/wp-json\/wp\/v2\/media?parent=2879"}],"wp:term":[{"taxonomy":"category","embeddable":true,"href":"https:\/\/blogs.correiobraziliense.com.br\/servidor\/wp-json\/wp\/v2\/categories?post=2879"},{"taxonomy":"post_tag","embeddable":true,"href":"https:\/\/blogs.correiobraziliense.com.br\/servidor\/wp-json\/wp\/v2\/tags?post=2879"}],"curies":[{"name":"wp","href":"https:\/\/api.w.org\/{rel}","templated":true}]}}