{"id":2877,"date":"2016-09-15T15:18:13","date_gmt":"2016-09-15T18:18:13","guid":{"rendered":"https:\/\/blogs.correiobraziliense.com.br\/servidor\/?p=2877"},"modified":"2016-09-15T15:18:13","modified_gmt":"2016-09-15T18:18:13","slug":"cnj-manutencao-em-servidores-de-sistemas-suspendera-acesso-por-tres-horas","status":"publish","type":"post","link":"https:\/\/blogs.correiobraziliense.com.br\/servidor\/cnj-manutencao-em-servidores-de-sistemas-suspendera-acesso-por-tres-horas\/","title":{"rendered":"CNJ &#8211; Manuten\u00e7\u00e3o em servidores de sistemas suspender\u00e1 acesso por tr\u00eas horas"},"content":{"rendered":"<p>O Conselho Nacional de Justi\u00e7a (CNJ) informou que, por motivo de manuten\u00e7\u00e3o programada em alguns dos servidores, v\u00e1rios sistemas acess\u00edveis ao portal da entidade ficar\u00e3o indispon\u00edveis nesta sexta-feira (16\/9), das 20 \u00e0s 23 horas.<\/p>\n<p>Segundo o Departamento de Tecnologia da Informa\u00e7\u00e3o e Comunica\u00e7\u00e3o (DTIC) os sistemas internos e externos que ser\u00e3o afetados s\u00e3o os seguintes:<\/p>\n<p>\u2022 Banco Nacional de Mandados de Pris\u00e3o \u2013 BNMP;<br \/>\n\u2022 Escrit\u00f3rio Digital;<br \/>\n\u2022 Cadastro Nacional de Adolescentes em Conflito com a Lei \u2013 CNACL;<br \/>\n\u2022 Sistema Nacional de Ado\u00e7\u00e3o e Acolhimento \u2013 SISNAAC;<br \/>\n\u2022 Malote Digital;<br \/>\n\u2022 Sistema de Patrim\u00f4nio;<br \/>\n\u2022 PJE M\u00eddias e Audi\u00eancia Digital;<br \/>\n\u2022 Avalia\u00e7\u00e3o (Gest\u00e3o de Desempenho);<br \/>\n\u2022 Benef\u00edcio;<br \/>\n\u2022 Capacita\u00e7\u00e3o;<br \/>\n\u2022 Cadastro Nacional de Instrutores da Justi\u00e7a Consensual Brasileira;<br \/>\n\u2022 Cadastro Nacional de Adolescentes em Conflito com a Lei;<br \/>\n\u2022 Sistema de requisi\u00e7\u00e3o servi\u00e7os;<br \/>\n\u2022 Sistema de Folha de Pagamento;<br \/>\n\u2022 Sistema de Postagem;<br \/>\n\u2022 Sistema de Controle de Licita\u00e7\u00f5es;<br \/>\n\u2022 M\u00f3dulo de Controle de Portaria;<br \/>\n\u2022 M\u00f3dulo de Processo Administrativo;<br \/>\n\u2022 N\u00facleo de Repercuss\u00e3o Geral e Recursos Repetitivos;<br \/>\n\u2022 Sistema de ouvidoria;<br \/>\n\u2022 Sistema de Registro de Ponto Biom\u00e9trico (SGPT);<br \/>\n\u2022 Sistema de Administra\u00e7\u00e3o de Contratos;<br \/>\n\u2022 Sistema Nacional de Ado\u00e7\u00e3o e Acolhimento;<br \/>\n\u2022 Sistema Gestor de Recursos Humanos;<br \/>\n\u2022 Sistema de Requisi\u00e7\u00e3o de Passagens e Di\u00e1rias.<\/p>\n","protected":false},"excerpt":{"rendered":"<p>O Conselho Nacional de Justi\u00e7a (CNJ) informou que, por motivo de manuten\u00e7\u00e3o programada em alguns dos servidores, v\u00e1rios sistemas acess\u00edveis ao portal da entidade ficar\u00e3o indispon\u00edveis nesta sexta-feira (16\/9), das 20 \u00e0s 23 horas. Segundo o Departamento de Tecnologia da Informa\u00e7\u00e3o e Comunica\u00e7\u00e3o (DTIC) os sistemas internos e externos que ser\u00e3o afetados s\u00e3o os seguintes: \u2022 Banco Nacional de Mandados [&hellip;]<\/p>\n","protected":false},"author":27,"featured_media":0,"comment_status":"open","ping_status":"closed","sticky":false,"template":"","format":"standard","meta":{"footnotes":""},"categories":[2719],"tags":[84,254,1778,58,961],"class_list":["post-2877","post","type-post","status-publish","format-standard","hentry","category-servidor","tag-acesso","tag-cnj","tag-manutencao","tag-servidores","tag-sistema"],"_links":{"self":[{"href":"https:\/\/blogs.correiobraziliense.com.br\/servidor\/wp-json\/wp\/v2\/posts\/2877","targetHints":{"allow":["GET"]}}],"collection":[{"href":"https:\/\/blogs.correiobraziliense.com.br\/servidor\/wp-json\/wp\/v2\/posts"}],"about":[{"href":"https:\/\/blogs.correiobraziliense.com.br\/servidor\/wp-json\/wp\/v2\/types\/post"}],"author":[{"embeddable":true,"href":"https:\/\/blogs.correiobraziliense.com.br\/servidor\/wp-json\/wp\/v2\/users\/27"}],"replies":[{"embeddable":true,"href":"https:\/\/blogs.correiobraziliense.com.br\/servidor\/wp-json\/wp\/v2\/comments?post=2877"}],"version-history":[{"count":1,"href":"https:\/\/blogs.correiobraziliense.com.br\/servidor\/wp-json\/wp\/v2\/posts\/2877\/revisions"}],"predecessor-version":[{"id":2878,"href":"https:\/\/blogs.correiobraziliense.com.br\/servidor\/wp-json\/wp\/v2\/posts\/2877\/revisions\/2878"}],"wp:attachment":[{"href":"https:\/\/blogs.correiobraziliense.com.br\/servidor\/wp-json\/wp\/v2\/media?parent=2877"}],"wp:term":[{"taxonomy":"category","embeddable":true,"href":"https:\/\/blogs.correiobraziliense.com.br\/servidor\/wp-json\/wp\/v2\/categories?post=2877"},{"taxonomy":"post_tag","embeddable":true,"href":"https:\/\/blogs.correiobraziliense.com.br\/servidor\/wp-json\/wp\/v2\/tags?post=2877"}],"curies":[{"name":"wp","href":"https:\/\/api.w.org\/{rel}","templated":true}]}}