{"id":2875,"date":"2016-09-15T14:44:08","date_gmt":"2016-09-15T17:44:08","guid":{"rendered":"https:\/\/blogs.correiobraziliense.com.br\/servidor\/?p=2875"},"modified":"2016-09-15T14:44:08","modified_gmt":"2016-09-15T17:44:08","slug":"cobranca-do-inss-de-valor-de-revisao-de-auxilios-por-incapacidade-e-indevida-afirma-especialista","status":"publish","type":"post","link":"https:\/\/blogs.correiobraziliense.com.br\/servidor\/cobranca-do-inss-de-valor-de-revisao-de-auxilios-por-incapacidade-e-indevida-afirma-especialista\/","title":{"rendered":"Cobran\u00e7a do INSS de valor de revis\u00e3o de aux\u00edlios por incapacidade \u00e9 indevida, afirma especialista"},"content":{"rendered":"<p><em>O Instituto Nacional do Seguro Social (INSS) est\u00e1 enviando cartas aos aposentados e pensionistas com benef\u00edcios por incapacidade que tiveram aumento no valor mensal com a revis\u00e3o dos aux\u00edlios em 2013 dizendo que o reajuste foi um engano, informou o advogado Jo\u00e3o Badari. Na correspond\u00eancia, a autarquia previdenci\u00e1ria informa que vai reduzir o benef\u00edcio ao valor original, sem reajuste, e que poder\u00e1 realizar uma cobran\u00e7a dos valores pagos desde 2013. E essa cobran\u00e7a poder\u00e1 ser um desconto mensal na aposentadoria.<\/em><\/p>\n<p>Na vis\u00e3o do advogado Jo\u00e3o Badari, especialista em Direito Previdenci\u00e1rio e s\u00f3cio do escrit\u00f3rio Aith, Badari e Luchin Advogados, todos os segurados do INSS que receberam as cartas poder\u00e3o exigir a manuten\u00e7\u00e3o do benef\u00edcio. &#8220;Quem receber a carta e tiver o benef\u00edcio reduzido deve ingressar na Justi\u00e7a. Os segurados dever\u00e3o requisitar a inexigibilidade do d\u00e9bito, a manuten\u00e7\u00e3o do benef\u00edcio com o valor majorado e tamb\u00e9m dano moral, pois muitos contavam com o dinheiro do acordo e tamb\u00e9m com o aumento mensal da renda&#8221;.<\/p>\n<p>A revis\u00e3o \u00e9 v\u00e1lida para aux\u00edlios-doen\u00e7a, aux\u00edlios-acidente, aposentadorias por invalidez e pens\u00f5es de aposentados por invalidez, pois entre 199 e 2009 o INSS n\u00e3o descartou os 20% menores sal\u00e1rios de contribui\u00e7\u00f5es desde 1994 destes segurados, o que pode ter reduzido o valor a receber nos benef\u00edcios. Uma a\u00e7\u00e3o civil p\u00fablica garantiu esta revis\u00e3o.<\/p>\n<p>Jo\u00e3o Badari explica que neste caso n\u00e3o houve qualquer prescri\u00e7\u00e3o ou decad\u00eancia dos direitos dos aposentados. &#8220;A a\u00e7\u00e3o civil p\u00fablica que garante esta revis\u00e3o teve como acordo o prazo de maio de 2022&#8221;, observa.<\/p>\n<p>Segundo o Sindicato Nacional dos Aposentados s\u00e3o 20 mil segurados atingidos no pa\u00eds, eles foram inclu\u00eddos na revis\u00e3o mesmo tendo um benef\u00edcio anterior a abril de 2002. O INSS s\u00f3 paga a revis\u00e3o para benef\u00edcios concedidos a partir de 17 de abril de 2002.<\/p>\n","protected":false},"excerpt":{"rendered":"<p>O Instituto Nacional do Seguro Social (INSS) est\u00e1 enviando cartas aos aposentados e pensionistas com benef\u00edcios por incapacidade que tiveram aumento no valor mensal com a revis\u00e3o dos aux\u00edlios em 2013 dizendo que o reajuste foi um engano, informou o advogado Jo\u00e3o Badari. Na correspond\u00eancia, a autarquia previdenci\u00e1ria informa que vai reduzir o benef\u00edcio ao valor original, sem reajuste, e [&hellip;]<\/p>\n","protected":false},"author":27,"featured_media":0,"comment_status":"open","ping_status":"closed","sticky":false,"template":"","format":"standard","meta":{"footnotes":""},"categories":[2719],"tags":[345,3577,1293,956,933,3583,11,3584,3585,1778,346,2135,774],"class_list":["post-2875","post","type-post","status-publish","format-standard","hentry","category-servidor","tag-aposentados","tag-auxilios","tag-cartas","tag-cobranca","tag-incapacidade","tag-indevida","tag-inss","tag-jistica","tag-majorado","tag-manutencao","tag-pensionistas","tag-revisao","tag-valor"],"_links":{"self":[{"href":"https:\/\/blogs.correiobraziliense.com.br\/servidor\/wp-json\/wp\/v2\/posts\/2875","targetHints":{"allow":["GET"]}}],"collection":[{"href":"https:\/\/blogs.correiobraziliense.com.br\/servidor\/wp-json\/wp\/v2\/posts"}],"about":[{"href":"https:\/\/blogs.correiobraziliense.com.br\/servidor\/wp-json\/wp\/v2\/types\/post"}],"author":[{"embeddable":true,"href":"https:\/\/blogs.correiobraziliense.com.br\/servidor\/wp-json\/wp\/v2\/users\/27"}],"replies":[{"embeddable":true,"href":"https:\/\/blogs.correiobraziliense.com.br\/servidor\/wp-json\/wp\/v2\/comments?post=2875"}],"version-history":[{"count":1,"href":"https:\/\/blogs.correiobraziliense.com.br\/servidor\/wp-json\/wp\/v2\/posts\/2875\/revisions"}],"predecessor-version":[{"id":2876,"href":"https:\/\/blogs.correiobraziliense.com.br\/servidor\/wp-json\/wp\/v2\/posts\/2875\/revisions\/2876"}],"wp:attachment":[{"href":"https:\/\/blogs.correiobraziliense.com.br\/servidor\/wp-json\/wp\/v2\/media?parent=2875"}],"wp:term":[{"taxonomy":"category","embeddable":true,"href":"https:\/\/blogs.correiobraziliense.com.br\/servidor\/wp-json\/wp\/v2\/categories?post=2875"},{"taxonomy":"post_tag","embeddable":true,"href":"https:\/\/blogs.correiobraziliense.com.br\/servidor\/wp-json\/wp\/v2\/tags?post=2875"}],"curies":[{"name":"wp","href":"https:\/\/api.w.org\/{rel}","templated":true}]}}