{"id":2857,"date":"2016-09-13T20:21:16","date_gmt":"2016-09-13T23:21:16","guid":{"rendered":"https:\/\/blogs.correiobraziliense.com.br\/servidor\/?p=2857"},"modified":"2016-09-13T20:21:16","modified_gmt":"2016-09-13T23:21:16","slug":"operacao-greenfield-jf-aceita-apresentar-garantia-financeira-de-r-15-bilhao","status":"publish","type":"post","link":"https:\/\/blogs.correiobraziliense.com.br\/servidor\/operacao-greenfield-jf-aceita-apresentar-garantia-financeira-de-r-15-bilhao\/","title":{"rendered":"Opera\u00e7\u00e3o Greenfield: J&amp;F aceita apresentar garantia financeira de R$ 1,5 bilh\u00e3o"},"content":{"rendered":"<p><em>Recursos negociados pelo MPF\/DF ficar\u00e3o bloqueados para assegurar recomposi\u00e7\u00e3o dos fundos de pens\u00e3o<\/em><\/p>\n<p>O grupo empresarial J&amp;F tem at\u00e9 o dia 21 de outubro para depositar em ju\u00edzo ou oferecer garantias no valor de R$ 1,518 bilh\u00e3o. O compromisso foi firmado em reuni\u00e3o realizada nesta ter\u00e7a-feira (13) entre representantes da empresa e o Minist\u00e9rio P\u00fablico Federal (MPF) no \u00e2mbito da Opera\u00e7\u00e3o Greenfield, que apura suspeitas de crimes contra os principais fundos de pens\u00e3o. Em decorr\u00eancia do acordo, o MPF solicitou, no fim da tarde, que a 10\u00aa Vara da Justi\u00e7a Federal suspenda as medidas cautelares que haviam sido impostas tanto a pessoas f\u00edsicas quanto a pessoas jur\u00eddicas ligadas ao conglomerado. As cautelares incluem bloqueio, sequestro e indisponibilidade de bens e ativos, al\u00e9m do afastamento dos diretores Joesley Mendon\u00e7a Batista e Wesley Mendon\u00e7a Batista do exerc\u00edcio de fun\u00e7\u00f5es gerenciais e administrativas. A garantia financeira \u00e9 uma forma de assegurar que \u2013 caso haja condena\u00e7\u00e3o no fim do processo criminal \u2013 os recursos sejam usados para ajudar a recompor o rombo financeiro dos fundos de pens\u00e3o.<\/p>\n<p>As investiga\u00e7\u00f5es envolvendo investimentos feitos pelas institui\u00e7\u00f5es come\u00e7aram em 2014. Entre os v\u00e1rias aplica\u00e7\u00f5es analisadas pela For\u00e7a Tarefa que cuida do caso, est\u00e1 o aporte de R$ 550 milh\u00f5es feito \u2013 entre os anos de 2009 e 2010 &#8211; pela Funcef e Petros no FIP Florestal. Cada fundo de pens\u00e3o investiu R$ 275 milh\u00f5es no FIP e, de acordo com relat\u00f3rios t\u00e9cnicos que integram a base de dados da investiga\u00e7\u00e3o, h\u00e1 ind\u00edcios de que os ativos do FIP Florestal tiveram os pre\u00e7os superestimados e que houve ilicitudes na aprova\u00e7\u00e3o dos investimentos.<\/p>\n<p>Para fixar o valor da garantia, os investigadores consideraram o total investido e a taxa interna de retorno calculada pelos \u00f3rg\u00e3os t\u00e9cnicos do Fundos de Pens\u00e3o no processo de aprova\u00e7\u00e3o dos investimentos. Aos R$ 550 milh\u00f5es foram aplicadas a corre\u00e7\u00e3o do IPCA mais 10,37% ao ano. Al\u00e9m disso, os envolvidos se comprometeram a comparecer, sempre que necess\u00e1rio, \u00e0 Procuradoria da Rep\u00fablica no Distrito Federal (PR\/DF) e \u00e0 Pol\u00edcia Federal (PF), o que deve acontecer, independentemente de solicita\u00e7\u00e3o formal. Ainda pelo acordo, ficou estabelecido que, caso o compromisso seja cumprido at\u00e9 a data previamente acertada (21 de outubro), a Justi\u00e7a poder\u00e1 revogar em definitivo as medidas cautelares. Por outro lado, em caso de descumprimento de qualquer um dos pontos acordados, as determina\u00e7\u00f5es judiciais poder\u00e3o ser novamente decretadas.<\/p>\n<p>O pedido do Minist\u00e9rio P\u00fablico Federal j\u00e1 foi acatado pela Justi\u00e7a Federal. Com isso, os investigados Joesley Mendon\u00e7a Batista e Wesley Mendon\u00e7a Batista est\u00e3o autorizados a voltar ao comando das empresas da holding J&amp;F.<\/p>\n<p>Clique <a title=\"termo j&amp;f\" href=\"http:\/\/www.mpf.mp.br\/df\/sala-de-imprensa\/docs\/termo-j-f\" target=\"_blank\">aqui<\/a> para ter acesso ao termo de compromisso assinado pelos representantes do J&amp;F.<\/p>\n","protected":false},"excerpt":{"rendered":"<p>Recursos negociados pelo MPF\/DF ficar\u00e3o bloqueados para assegurar recomposi\u00e7\u00e3o dos fundos de pens\u00e3o O grupo empresarial J&amp;F tem at\u00e9 o dia 21 de outubro para depositar em ju\u00edzo ou oferecer garantias no valor de R$ 1,518 bilh\u00e3o. O compromisso foi firmado em reuni\u00e3o realizada nesta ter\u00e7a-feira (13) entre representantes da empresa e o Minist\u00e9rio P\u00fablico Federal (MPF) no \u00e2mbito da [&hellip;]<\/p>\n","protected":false},"author":27,"featured_media":0,"comment_status":"open","ping_status":"closed","sticky":false,"template":"","format":"standard","meta":{"footnotes":""},"categories":[2719],"tags":[1186,681,983,3553,3554,1807,218,1466,3552,89,3551,1931,316],"class_list":["post-2857","post","type-post","status-publish","format-standard","hentry","category-servidor","tag-aceita","tag-apresentar","tag-assegurar","tag-bloqueados","tag-de-pensao","tag-financeira","tag-fundos","tag-garantia","tag-jf","tag-mpfdf","tag-operacao-greenfield","tag-recomposicao","tag-recursos"],"_links":{"self":[{"href":"https:\/\/blogs.correiobraziliense.com.br\/servidor\/wp-json\/wp\/v2\/posts\/2857","targetHints":{"allow":["GET"]}}],"collection":[{"href":"https:\/\/blogs.correiobraziliense.com.br\/servidor\/wp-json\/wp\/v2\/posts"}],"about":[{"href":"https:\/\/blogs.correiobraziliense.com.br\/servidor\/wp-json\/wp\/v2\/types\/post"}],"author":[{"embeddable":true,"href":"https:\/\/blogs.correiobraziliense.com.br\/servidor\/wp-json\/wp\/v2\/users\/27"}],"replies":[{"embeddable":true,"href":"https:\/\/blogs.correiobraziliense.com.br\/servidor\/wp-json\/wp\/v2\/comments?post=2857"}],"version-history":[{"count":1,"href":"https:\/\/blogs.correiobraziliense.com.br\/servidor\/wp-json\/wp\/v2\/posts\/2857\/revisions"}],"predecessor-version":[{"id":2858,"href":"https:\/\/blogs.correiobraziliense.com.br\/servidor\/wp-json\/wp\/v2\/posts\/2857\/revisions\/2858"}],"wp:attachment":[{"href":"https:\/\/blogs.correiobraziliense.com.br\/servidor\/wp-json\/wp\/v2\/media?parent=2857"}],"wp:term":[{"taxonomy":"category","embeddable":true,"href":"https:\/\/blogs.correiobraziliense.com.br\/servidor\/wp-json\/wp\/v2\/categories?post=2857"},{"taxonomy":"post_tag","embeddable":true,"href":"https:\/\/blogs.correiobraziliense.com.br\/servidor\/wp-json\/wp\/v2\/tags?post=2857"}],"curies":[{"name":"wp","href":"https:\/\/api.w.org\/{rel}","templated":true}]}}