{"id":2855,"date":"2016-09-13T17:21:55","date_gmt":"2016-09-13T20:21:55","guid":{"rendered":"https:\/\/blogs.correiobraziliense.com.br\/servidor\/?p=2855"},"modified":"2016-09-13T17:21:55","modified_gmt":"2016-09-13T20:21:55","slug":"auditores-agropecuarios-lancam-campanha-de-valorizacao-da-carreira","status":"publish","type":"post","link":"https:\/\/blogs.correiobraziliense.com.br\/servidor\/auditores-agropecuarios-lancam-campanha-de-valorizacao-da-carreira\/","title":{"rendered":"Auditores agropecu\u00e1rios lan\u00e7am campanha de valoriza\u00e7\u00e3o da carreira"},"content":{"rendered":"<p>Com a mudan\u00e7a na nomenclatura da carreira de fiscal federal agropecu\u00e1rio para auditor fiscal federal agropecu\u00e1rio, os profissionais aproveitaram a altera\u00e7\u00e3o para esclarecer a popula\u00e7\u00e3o sobre as suas atividades desempenhadas. Dessa forma, a partir deste m\u00eas, \u00e9 poss\u00edvel acompanhar, em diferentes m\u00eddias, a campanha do Sindicato Nacional dos Fiscais Federais Agropecu\u00e1rios (Anffa Sindical) de valoriza\u00e7\u00e3o da carreira.<\/p>\n<p>De acordo com o diretor de Comunica\u00e7\u00e3o do Anffa Sindical, Roberto Siqueira Filho, a campanha servir\u00e1 para mostrar \u00e0 popula\u00e7\u00e3o a import\u00e2ncia dos auditores fiscais federais agropecu\u00e1rios para a seguran\u00e7a alimentar das fam\u00edlias brasileiras, para abertura de mercados, tanto dentro como fora do Brasil e para o crescimento do agroneg\u00f3cio e da economia do pa\u00eds.<\/p>\n<p>\u201cEstamos otimistas com o sucesso dessa empreitada. \u00c9 importante que todos conhe\u00e7am o papel desempenhado pelos auditores agropecu\u00e1rios que trabalham em prol da popula\u00e7\u00e3o brasileira. E que os recursos aplicados nas atividades de inspe\u00e7\u00e3o, fiscaliza\u00e7\u00e3o e auditoria agropecu\u00e1ria sejam vistos como investimentos com retorno garantido. \u00c9 garantia de qualidade, de lucro e de desenvolvimento para o Pa\u00eds\u201d, destaca Roberto.<u><\/u><u><\/u><\/p>\n<p><strong>Nomenclatura<\/strong><u><\/u><u><\/u><\/p>\n<p>A mudan\u00e7a na nomenclatura da carreira, publicada no Di\u00e1rio Oficial da Uni\u00e3o (DOU) no dia 29 de julho, era uma reivindica\u00e7\u00e3o antiga da categoria. A altera\u00e7\u00e3o \u00e9 apenas um reconhecimento porque, na pr\u00e1tica, eles exercem fun\u00e7\u00f5es de auditoria h\u00e1 muito tempo, segundo o Anffa Sindical. A modifica\u00e7\u00e3o estava inclu\u00edda no Projeto de Lei de Convers\u00e3o n.\u00ba 33\/2016, que tamb\u00e9m trata do reajuste remunerat\u00f3rio, resultado do acordo com o Minist\u00e9rio do Planejamento, em 2015.\u00a0 O texto aprovado ainda concedeu reajuste de 5,5% nos contracheques de agosto e de 5,0% no de janeiro de 2017.<\/p>\n<p><strong>Sobre os Auditores Fiscais Federais Agropecu\u00e1rios<\/strong><u><\/u><u><\/u><\/p>\n<p>O Sindicato Nacional dos Fiscais Federais Agropecu\u00e1rios (Anffa Sindical) \u00e9 a entidade representativa dos integrantes da carreira de auditor fiscal federal agropecu\u00e1rio. Os profissionais s\u00e3o engenheiros agr\u00f4nomos, farmac\u00eauticos, qu\u00edmicos, m\u00e9dicos veterin\u00e1rios e zootecnistas que exercem suas fun\u00e7\u00f5es para garantir qualidade de vida, sa\u00fade e seguran\u00e7a alimentar para as fam\u00edlias brasileiras. Atualmente existem 2,7 mil fiscais na ativa que atuam nas \u00e1reas de auditoria e fiscaliza\u00e7\u00e3o, desde a fabrica\u00e7\u00e3o de insumos, como vacinas, ra\u00e7\u00f5es, sementes, fertilizantes, agrot\u00f3xicos etc., at\u00e9 o produto final, como sucos, refrigerantes, bebidas alco\u00f3licas, vegetais classificados (arroz, feij\u00e3o, \u00f3leos, azeites, etc.), latic\u00ednios, ovos, m\u00e9is e carnes. Os profissionais tamb\u00e9m est\u00e3o nos campos, nas agroind\u00fastrias, nas institui\u00e7\u00f5es de pesquisa, nos laborat\u00f3rios nacionais agropecu\u00e1rios, nos supermercados, nos portos, aeroportos e postos de fronteira, no acompanhamento dos programas agropecu\u00e1rios e nas negocia\u00e7\u00f5es e rela\u00e7\u00f5es internacionais do agroneg\u00f3cio. Do campo \u00e0 mesa, dos pastos aos portos, do agroneg\u00f3cio para o Brasil e para o mundo.<\/p>\n","protected":false},"excerpt":{"rendered":"<p>Com a mudan\u00e7a na nomenclatura da carreira de fiscal federal agropecu\u00e1rio para auditor fiscal federal agropecu\u00e1rio, os profissionais aproveitaram a altera\u00e7\u00e3o para esclarecer a popula\u00e7\u00e3o sobre as suas atividades desempenhadas. Dessa forma, a partir deste m\u00eas, \u00e9 poss\u00edvel acompanhar, em diferentes m\u00eddias, a campanha do Sindicato Nacional dos Fiscais Federais Agropecu\u00e1rios (Anffa Sindical) de valoriza\u00e7\u00e3o da carreira. De acordo com [&hellip;]<\/p>\n","protected":false},"author":27,"featured_media":0,"comment_status":"open","ping_status":"closed","sticky":false,"template":"","format":"standard","meta":{"footnotes":""},"categories":[2719],"tags":[13,3550,225,31,305,188,3549,545,208,524],"class_list":["post-2855","post","type-post","status-publish","format-standard","hentry","category-servidor","tag-agropecuarios","tag-alimentar","tag-anffa","tag-auditores","tag-campanha","tag-carreira","tag-importancia","tag-populacao","tag-seguranca","tag-valorizacao"],"_links":{"self":[{"href":"https:\/\/blogs.correiobraziliense.com.br\/servidor\/wp-json\/wp\/v2\/posts\/2855","targetHints":{"allow":["GET"]}}],"collection":[{"href":"https:\/\/blogs.correiobraziliense.com.br\/servidor\/wp-json\/wp\/v2\/posts"}],"about":[{"href":"https:\/\/blogs.correiobraziliense.com.br\/servidor\/wp-json\/wp\/v2\/types\/post"}],"author":[{"embeddable":true,"href":"https:\/\/blogs.correiobraziliense.com.br\/servidor\/wp-json\/wp\/v2\/users\/27"}],"replies":[{"embeddable":true,"href":"https:\/\/blogs.correiobraziliense.com.br\/servidor\/wp-json\/wp\/v2\/comments?post=2855"}],"version-history":[{"count":1,"href":"https:\/\/blogs.correiobraziliense.com.br\/servidor\/wp-json\/wp\/v2\/posts\/2855\/revisions"}],"predecessor-version":[{"id":2856,"href":"https:\/\/blogs.correiobraziliense.com.br\/servidor\/wp-json\/wp\/v2\/posts\/2855\/revisions\/2856"}],"wp:attachment":[{"href":"https:\/\/blogs.correiobraziliense.com.br\/servidor\/wp-json\/wp\/v2\/media?parent=2855"}],"wp:term":[{"taxonomy":"category","embeddable":true,"href":"https:\/\/blogs.correiobraziliense.com.br\/servidor\/wp-json\/wp\/v2\/categories?post=2855"},{"taxonomy":"post_tag","embeddable":true,"href":"https:\/\/blogs.correiobraziliense.com.br\/servidor\/wp-json\/wp\/v2\/tags?post=2855"}],"curies":[{"name":"wp","href":"https:\/\/api.w.org\/{rel}","templated":true}]}}