{"id":2848,"date":"2016-09-13T12:05:03","date_gmt":"2016-09-13T15:05:03","guid":{"rendered":"https:\/\/blogs.correiobraziliense.com.br\/servidor\/?p=2848"},"modified":"2016-09-13T12:05:03","modified_gmt":"2016-09-13T15:05:03","slug":"pf-operacao-protecao-integral-2-contra-pedofilia","status":"publish","type":"post","link":"https:\/\/blogs.correiobraziliense.com.br\/servidor\/pf-operacao-protecao-integral-2-contra-pedofilia\/","title":{"rendered":"PF &#8211; Opera\u00e7\u00e3o Prote\u00e7\u00e3o Integral 2 contra a pedofilia"},"content":{"rendered":"<p>A Pol\u00edcia Federal deflagrou na manh\u00e3 de hoje (13) a opera\u00e7\u00e3o Prote\u00e7\u00e3o Integral 2 com objetivo de combater a distribui\u00e7\u00e3o internacional de pornografia infanto-juvenil pela internet.<\/p>\n<p>Vinte e cinco (25) policiais federais cumprem cinco Mandados de Busca e Apreens\u00e3o na capital e na cidade de S\u00e3o Bernardo do Campo.\u00a0 Tr\u00eas pessoas foram presas em flagrante, uma em SBC e duas em S\u00e3o Paulo, por posse de material pornogr\u00e1fico com menores em seus computadores.<\/p>\n<p>A PF identificou pessoas distribuindo arquivos de imagens e v\u00eddeos contendo pornografia infantil na rede mundial de computadores e conseguiu rastrear os locais onde se encontram os acessos. Al\u00e9m disso, tamb\u00e9m foram identificadas outras pessoas compartilhando arquivos no exterior pelas pol\u00edcias da Su\u00ed\u00e7a e dos EUA (FBI) e as informa\u00e7\u00f5es foram enviadas \u00e0 PF por meio da Interpol.<\/p>\n<p>De posse desses dados, a Justi\u00e7a Federal autorizou as buscas nas resid\u00eancias dos suspeitos para a apreens\u00e3o de computadores e outros dispositivos de armazenamento.<\/p>\n<p>O crime de compartilhamento de imagens contendo pornografia infantil est\u00e1 previsto no Estatuto da Crian\u00e7a e do Adolescente (ECA) e tem pena de at\u00e9 6 anos de pris\u00e3o.<\/p>\n","protected":false},"excerpt":{"rendered":"<p>A Pol\u00edcia Federal deflagrou na manh\u00e3 de hoje (13) a opera\u00e7\u00e3o Prote\u00e7\u00e3o Integral 2 com objetivo de combater a distribui\u00e7\u00e3o internacional de pornografia infanto-juvenil pela internet. Vinte e cinco (25) policiais federais cumprem cinco Mandados de Busca e Apreens\u00e3o na capital e na cidade de S\u00e3o Bernardo do Campo.\u00a0 Tr\u00eas pessoas foram presas em flagrante, uma em SBC e duas [&hellip;]<\/p>\n","protected":false},"author":27,"featured_media":0,"comment_status":"open","ping_status":"closed","sticky":false,"template":"","format":"standard","meta":{"footnotes":""},"categories":[2719],"tags":[177,3534,3536,1071,2882,3532,3533,319,3535,1673],"class_list":["post-2848","post","type-post","status-publish","format-standard","hentry","category-servidor","tag-contra","tag-distribuicao","tag-infanto-juvenil","tag-internacional","tag-internet","tag-operacao-protecao-integral-2","tag-pedofilia","tag-pf","tag-pornografia","tag-sao-paulo"],"_links":{"self":[{"href":"https:\/\/blogs.correiobraziliense.com.br\/servidor\/wp-json\/wp\/v2\/posts\/2848","targetHints":{"allow":["GET"]}}],"collection":[{"href":"https:\/\/blogs.correiobraziliense.com.br\/servidor\/wp-json\/wp\/v2\/posts"}],"about":[{"href":"https:\/\/blogs.correiobraziliense.com.br\/servidor\/wp-json\/wp\/v2\/types\/post"}],"author":[{"embeddable":true,"href":"https:\/\/blogs.correiobraziliense.com.br\/servidor\/wp-json\/wp\/v2\/users\/27"}],"replies":[{"embeddable":true,"href":"https:\/\/blogs.correiobraziliense.com.br\/servidor\/wp-json\/wp\/v2\/comments?post=2848"}],"version-history":[{"count":1,"href":"https:\/\/blogs.correiobraziliense.com.br\/servidor\/wp-json\/wp\/v2\/posts\/2848\/revisions"}],"predecessor-version":[{"id":2849,"href":"https:\/\/blogs.correiobraziliense.com.br\/servidor\/wp-json\/wp\/v2\/posts\/2848\/revisions\/2849"}],"wp:attachment":[{"href":"https:\/\/blogs.correiobraziliense.com.br\/servidor\/wp-json\/wp\/v2\/media?parent=2848"}],"wp:term":[{"taxonomy":"category","embeddable":true,"href":"https:\/\/blogs.correiobraziliense.com.br\/servidor\/wp-json\/wp\/v2\/categories?post=2848"},{"taxonomy":"post_tag","embeddable":true,"href":"https:\/\/blogs.correiobraziliense.com.br\/servidor\/wp-json\/wp\/v2\/tags?post=2848"}],"curies":[{"name":"wp","href":"https:\/\/api.w.org\/{rel}","templated":true}]}}