{"id":2846,"date":"2016-09-13T12:01:17","date_gmt":"2016-09-13T15:01:17","guid":{"rendered":"https:\/\/blogs.correiobraziliense.com.br\/servidor\/?p=2846"},"modified":"2016-09-13T12:01:17","modified_gmt":"2016-09-13T15:01:17","slug":"pf-operacao-antinazi-reprime-propaganda-nazista-nas-redes-sociais","status":"publish","type":"post","link":"https:\/\/blogs.correiobraziliense.com.br\/servidor\/pf-operacao-antinazi-reprime-propaganda-nazista-nas-redes-sociais\/","title":{"rendered":"PF &#8211; Opera\u00e7\u00e3o Antinazi reprime propaganda nazista nas redes sociais"},"content":{"rendered":"<p>A Pol\u00edcia Federal desencadeou hoje (13\/09) a Opera\u00e7\u00e3o Antinazi para combater a veicula\u00e7\u00e3o de propaganda nazista nas redes sociais. Os policiais federais cumpriram um mandado de busca e apreens\u00e3o em Taguatinga, no Distrito Federal. Foram apreendidos HDs, um celular e um computador.<\/p>\n<p>As investiga\u00e7\u00f5es se iniciaram em 2014 em decorr\u00eancia de publica\u00e7\u00f5es de cunho neonazista e discriminat\u00f3rio pelo suspeito por meio de redes sociais na internet.<\/p>\n<p>O homem dever\u00e1 responder pela veicula\u00e7\u00e3o de conte\u00fado nazista previsto na Lei de Crimes Raciais, com pena de 2 a 5 anos de pris\u00e3o.<\/p>\n","protected":false},"excerpt":{"rendered":"<p>A Pol\u00edcia Federal desencadeou hoje (13\/09) a Opera\u00e7\u00e3o Antinazi para combater a veicula\u00e7\u00e3o de propaganda nazista nas redes sociais. Os policiais federais cumpriram um mandado de busca e apreens\u00e3o em Taguatinga, no Distrito Federal. Foram apreendidos HDs, um celular e um computador. As investiga\u00e7\u00f5es se iniciaram em 2014 em decorr\u00eancia de publica\u00e7\u00f5es de cunho neonazista e discriminat\u00f3rio pelo suspeito por [&hellip;]<\/p>\n","protected":false},"author":27,"featured_media":0,"comment_status":"open","ping_status":"closed","sticky":false,"template":"","format":"standard","meta":{"footnotes":""},"categories":[2719],"tags":[433,3530,3528,319,1082,1083,3529,3531],"class_list":["post-2846","post","type-post","status-publish","format-standard","hentry","category-servidor","tag-distrito-federal","tag-nazista","tag-operacao-antinazi","tag-pf","tag-propaganda","tag-redes-sociais","tag-reprime","tag-taguatinga"],"_links":{"self":[{"href":"https:\/\/blogs.correiobraziliense.com.br\/servidor\/wp-json\/wp\/v2\/posts\/2846","targetHints":{"allow":["GET"]}}],"collection":[{"href":"https:\/\/blogs.correiobraziliense.com.br\/servidor\/wp-json\/wp\/v2\/posts"}],"about":[{"href":"https:\/\/blogs.correiobraziliense.com.br\/servidor\/wp-json\/wp\/v2\/types\/post"}],"author":[{"embeddable":true,"href":"https:\/\/blogs.correiobraziliense.com.br\/servidor\/wp-json\/wp\/v2\/users\/27"}],"replies":[{"embeddable":true,"href":"https:\/\/blogs.correiobraziliense.com.br\/servidor\/wp-json\/wp\/v2\/comments?post=2846"}],"version-history":[{"count":1,"href":"https:\/\/blogs.correiobraziliense.com.br\/servidor\/wp-json\/wp\/v2\/posts\/2846\/revisions"}],"predecessor-version":[{"id":2847,"href":"https:\/\/blogs.correiobraziliense.com.br\/servidor\/wp-json\/wp\/v2\/posts\/2846\/revisions\/2847"}],"wp:attachment":[{"href":"https:\/\/blogs.correiobraziliense.com.br\/servidor\/wp-json\/wp\/v2\/media?parent=2846"}],"wp:term":[{"taxonomy":"category","embeddable":true,"href":"https:\/\/blogs.correiobraziliense.com.br\/servidor\/wp-json\/wp\/v2\/categories?post=2846"},{"taxonomy":"post_tag","embeddable":true,"href":"https:\/\/blogs.correiobraziliense.com.br\/servidor\/wp-json\/wp\/v2\/tags?post=2846"}],"curies":[{"name":"wp","href":"https:\/\/api.w.org\/{rel}","templated":true}]}}