{"id":2825,"date":"2016-09-11T15:36:56","date_gmt":"2016-09-11T18:36:56","guid":{"rendered":"https:\/\/blogs.correiobraziliense.com.br\/servidor\/?p=2825"},"modified":"2016-09-11T15:36:56","modified_gmt":"2016-09-11T18:36:56","slug":"anfip-explica-nova-forma-de-aposentadoria-do-servidor","status":"publish","type":"post","link":"https:\/\/blogs.correiobraziliense.com.br\/servidor\/anfip-explica-nova-forma-de-aposentadoria-do-servidor\/","title":{"rendered":"Anfip explica nova forma de aposentadoria do servidor"},"content":{"rendered":"<p>A Associa\u00e7\u00e3o Nacional dos Auditores Fiscais da Receita Federal (Anfip) e a Funda\u00e7\u00e3o Anfip de Estudos da Seguridade Social e Tribut\u00e1rio lan\u00e7am na ter\u00e7a-feira (13), na C\u00e2mara dos Deputados, o livro &#8220;A Previd\u00eancia do Servidor P\u00fablico a partir da Funpresp&#8221;. O evento ser\u00e1 \u00e0s 9h30 durante reuni\u00e3o da Comiss\u00e3o de Trabalho, Administra\u00e7\u00e3o e Servi\u00e7o P\u00fablico (Ctasp) no Plen\u00e1rio 12 do Anexo II.<\/p>\n<p>A publica\u00e7\u00e3o tem o objetivo de detalhar a forma atual de <span class=\"il\">aposentadoria<\/span> dos servidores p\u00fablicos, com orienta\u00e7\u00f5es sobre as diversas altera\u00e7\u00f5es decorrentes das reformas da Previd\u00eancia Social, notadamente das Emendas Constitucionais 20\/1998, 41\/2003, 47\/2005 e 70\/2012, e, mais recentemente, a Previd\u00eancia Complementar dos Servidores P\u00fablicos Federais, institu\u00edda pela Lei 12.618, de 30\/04\/2012.<\/p>\n<p>Para permitir uma ampla vis\u00e3o sobre a Previd\u00eancia Social no Brasil, na primeira parte do livro, h\u00e1 uma introdu\u00e7\u00e3o do sistema de Seguridade Social, suas a\u00e7\u00f5es na \u00e1rea da Sa\u00fade, Assist\u00eancia e Previd\u00eancia Social, e todo seu financiamento, conforme previsto pela Constitui\u00e7\u00e3o de 1988.<\/p>\n<p>&#8220;A Previd\u00eancia do Servidor P\u00fablico a partir da Funpresp&#8221; j\u00e1 est\u00e1 dispon\u00edvel para download gratuito na biblioteca virtual do site da Anfip e pode ser acessado <a href=\"http:\/\/d-click.anfip.org.br\/u\/16973\/861\/12646\/4177_0\/1a630\/?url=http%3A%2F%2Fwww.anfip.org.br%2Fpublicacoes%2F20160616164805_A-Previdencia-do-Servidor-Publico-a-partir-da-Funpresp_16-06-2016_Cartilha-funresp_livro_final-190516.pdf\" target=\"_blank\">aqui<\/a>.<\/p>\n<p align=\"center\"><strong>SERVI\u00c7O<\/strong><\/p>\n<p><strong>Lan\u00e7amento do livro &#8220;A Previd\u00eancia do Servidor P\u00fablico a partir da Funpresp&#8221;, da Anfip e Funda\u00e7\u00e3o Anfip<\/strong><\/p>\n<p><strong>Quando:<\/strong> Ter\u00e7a-feira (13\/9), \u00e0s 9h30.<\/p>\n<p><strong>Onde:<\/strong> C\u00e2mara dos Deputados &#8211; Comiss\u00e3o de Trabalho, Administra\u00e7\u00e3o e Servi\u00e7o P\u00fablico, no Plen\u00e1rio 12 do Anexo II.<\/p>\n<hr \/>\n","protected":false},"excerpt":{"rendered":"<p>A Associa\u00e7\u00e3o Nacional dos Auditores Fiscais da Receita Federal (Anfip) e a Funda\u00e7\u00e3o Anfip de Estudos da Seguridade Social e Tribut\u00e1rio lan\u00e7am na ter\u00e7a-feira (13), na C\u00e2mara dos Deputados, o livro &#8220;A Previd\u00eancia do Servidor P\u00fablico a partir da Funpresp&#8221;. O evento ser\u00e1 \u00e0s 9h30 durante reuni\u00e3o da Comiss\u00e3o de Trabalho, Administra\u00e7\u00e3o e Servi\u00e7o P\u00fablico (Ctasp) no Plen\u00e1rio 12 do [&hellip;]<\/p>\n","protected":false},"author":27,"featured_media":0,"comment_status":"open","ping_status":"closed","sticky":false,"template":"","format":"standard","meta":{"footnotes":""},"categories":[2719],"tags":[771,6,61,3495,3494,1129,820,127,8],"class_list":["post-2825","post","type-post","status-publish","format-standard","hentry","category-servidor","tag-anfip","tag-aposentadoria","tag-camara","tag-ctasp","tag-explica","tag-forma","tag-funpresp","tag-nova","tag-servidor"],"_links":{"self":[{"href":"https:\/\/blogs.correiobraziliense.com.br\/servidor\/wp-json\/wp\/v2\/posts\/2825","targetHints":{"allow":["GET"]}}],"collection":[{"href":"https:\/\/blogs.correiobraziliense.com.br\/servidor\/wp-json\/wp\/v2\/posts"}],"about":[{"href":"https:\/\/blogs.correiobraziliense.com.br\/servidor\/wp-json\/wp\/v2\/types\/post"}],"author":[{"embeddable":true,"href":"https:\/\/blogs.correiobraziliense.com.br\/servidor\/wp-json\/wp\/v2\/users\/27"}],"replies":[{"embeddable":true,"href":"https:\/\/blogs.correiobraziliense.com.br\/servidor\/wp-json\/wp\/v2\/comments?post=2825"}],"version-history":[{"count":1,"href":"https:\/\/blogs.correiobraziliense.com.br\/servidor\/wp-json\/wp\/v2\/posts\/2825\/revisions"}],"predecessor-version":[{"id":2826,"href":"https:\/\/blogs.correiobraziliense.com.br\/servidor\/wp-json\/wp\/v2\/posts\/2825\/revisions\/2826"}],"wp:attachment":[{"href":"https:\/\/blogs.correiobraziliense.com.br\/servidor\/wp-json\/wp\/v2\/media?parent=2825"}],"wp:term":[{"taxonomy":"category","embeddable":true,"href":"https:\/\/blogs.correiobraziliense.com.br\/servidor\/wp-json\/wp\/v2\/categories?post=2825"},{"taxonomy":"post_tag","embeddable":true,"href":"https:\/\/blogs.correiobraziliense.com.br\/servidor\/wp-json\/wp\/v2\/tags?post=2825"}],"curies":[{"name":"wp","href":"https:\/\/api.w.org\/{rel}","templated":true}]}}