{"id":282,"date":"2015-06-03T14:44:00","date_gmt":"2015-06-03T14:44:00","guid":{"rendered":"https:\/\/blogs.correiobraziliense.com.br\/servidor\/delegados_apoiam_modernizacao_de_atribuicoes_dos_administrativos_da_pf\/"},"modified":"2015-06-03T14:44:00","modified_gmt":"2015-06-03T14:44:00","slug":"delegados_apoiam_modernizacao_de_atribuicoes_dos_administrativos_da_pf","status":"publish","type":"post","link":"https:\/\/blogs.correiobraziliense.com.br\/servidor\/delegados_apoiam_modernizacao_de_atribuicoes_dos_administrativos_da_pf\/","title":{"rendered":"DELEGADOS APOIAM MODERNIZA\u00c7\u00c3O DE ATRIBUI\u00c7\u00d5ES DOS ADMINISTRATIVOS DA PF"},"content":{"rendered":"<p>A  Associa\u00e7\u00e3o Nacional dos Delegados de Pol\u00edcia Federal (ADPF) oficiou o  Sindicato Nacional dos Servidores do Plano Especial de Cargos da PF (SindpecPF) na \u00faltima quinta-feira (28) para reiterar o apoio \u00e0  proposta moderniza\u00e7\u00e3o das atribui\u00e7\u00f5es da carreira administrativa. A entidade dos delegados  federais afirma que chegou o momento de o governo avan\u00e7ar na discuss\u00e3o do tema,  que segue h\u00e1 anos em debate no Minist\u00e9rio do Planejamento. <\/p>\n<p>Para  os delegados federais, \u201cal\u00e9m do natural exerc\u00edcio da atividade meio,  igualmente compete aos administrativos da Pol\u00edcia Federal o exerc\u00edcio da  atividade-fim de pol\u00edcia administrativa e auxiliar ainda na fun\u00e7\u00e3o de  Pol\u00edcia Judici\u00e1ria\u201d. Isso quer dizer que concordam que os  administrativos atuem em atividades de fiscaliza\u00e7\u00e3o e de controle  desempenhadas pela Pol\u00edcia Federal, e tamb\u00e9m que a categoria  assessore os delegados em investiga\u00e7\u00f5es criminais, tal qual o aux\u00edlio  prestado por analistas e t\u00e9cnicos judici\u00e1rios aos magistrados. <\/p>\n<p>Os  delegados tamb\u00e9m refor\u00e7am seu apoio \u00e0 cria\u00e7\u00e3o de novos cargos para a  categoria administrativa. A ADPF considera que a exclus\u00e3o da categoria  do Decreto 8.326\/2014 (que disp\u00f5es sobre a realiza\u00e7\u00e3o de concurso  p\u00fablico sempre que o n\u00famero de cargos policiais vagos exceder 5%) foi um  erro e pede a cria\u00e7\u00e3o de novas 5 mil vagas (2 mil para substitui\u00e7\u00e3o de  terceirizados atuando nos aeroportos). <\/p>\n<p>Ainda  no que tange ao fortalecimento dos quadros da carreira administrativa, a  ADPF defende a renova\u00e7\u00e3o do concursopara a categoria em  2014, cuja validade vai at\u00e9 julho de 2016. Para os delegados, o ideal \u00e9  que os aprovados do cadastro reserva sejam convocados para suprir a  car\u00eancia de servidores. <\/p>\n<p>O  Sinp0edPF agradeceu o apoio dos delegados. Todos os pontos defendidos  pela ADPF em seu of\u00edcio s\u00e3o pleitos da categoria.  <\/p>\n<p>Bras\u00edlia, 14h44min <\/p>\n","protected":false},"excerpt":{"rendered":"<p>A Associa\u00e7\u00e3o Nacional dos Delegados de Pol\u00edcia Federal (ADPF) oficiou o Sindicato Nacional dos Servidores do Plano Especial de Cargos da PF (SindpecPF) na \u00faltima quinta-feira (28) para reiterar o apoio \u00e0 proposta moderniza\u00e7\u00e3o das atribui\u00e7\u00f5es da carreira administrativa. A entidade dos delegados federais afirma que chegou o momento de o governo avan\u00e7ar na discuss\u00e3o do tema, que segue h\u00e1 [&hellip;]<\/p>\n","protected":false},"author":27,"featured_media":0,"comment_status":"open","ping_status":"open","sticky":false,"template":"","format":"standard","meta":{"footnotes":""},"categories":[1],"tags":[],"class_list":["post-282","post","type-post","status-publish","format-standard","hentry","category-sem-categoria"],"_links":{"self":[{"href":"https:\/\/blogs.correiobraziliense.com.br\/servidor\/wp-json\/wp\/v2\/posts\/282","targetHints":{"allow":["GET"]}}],"collection":[{"href":"https:\/\/blogs.correiobraziliense.com.br\/servidor\/wp-json\/wp\/v2\/posts"}],"about":[{"href":"https:\/\/blogs.correiobraziliense.com.br\/servidor\/wp-json\/wp\/v2\/types\/post"}],"author":[{"embeddable":true,"href":"https:\/\/blogs.correiobraziliense.com.br\/servidor\/wp-json\/wp\/v2\/users\/27"}],"replies":[{"embeddable":true,"href":"https:\/\/blogs.correiobraziliense.com.br\/servidor\/wp-json\/wp\/v2\/comments?post=282"}],"version-history":[{"count":0,"href":"https:\/\/blogs.correiobraziliense.com.br\/servidor\/wp-json\/wp\/v2\/posts\/282\/revisions"}],"wp:attachment":[{"href":"https:\/\/blogs.correiobraziliense.com.br\/servidor\/wp-json\/wp\/v2\/media?parent=282"}],"wp:term":[{"taxonomy":"category","embeddable":true,"href":"https:\/\/blogs.correiobraziliense.com.br\/servidor\/wp-json\/wp\/v2\/categories?post=282"},{"taxonomy":"post_tag","embeddable":true,"href":"https:\/\/blogs.correiobraziliense.com.br\/servidor\/wp-json\/wp\/v2\/tags?post=282"}],"curies":[{"name":"wp","href":"https:\/\/api.w.org\/{rel}","templated":true}]}}