{"id":2819,"date":"2016-09-10T12:35:24","date_gmt":"2016-09-10T15:35:24","guid":{"rendered":"https:\/\/blogs.correiobraziliense.com.br\/servidor\/?p=2819"},"modified":"2016-09-10T12:35:24","modified_gmt":"2016-09-10T15:35:24","slug":"juristas-irao-protocolar-peticao-pedindo-impeachment-de-gilmar-mendes","status":"publish","type":"post","link":"https:\/\/blogs.correiobraziliense.com.br\/servidor\/juristas-irao-protocolar-peticao-pedindo-impeachment-de-gilmar-mendes\/","title":{"rendered":"Juristas ir\u00e3o protocolar peti\u00e7\u00e3o pedindo impeachment de Gilmar Mendes"},"content":{"rendered":"<div>Os juristas Celso Ant\u00f4nio Bandeira de Mello, F\u00e1bio Konder Comparato, S\u00e9rgio S\u00e9rvulo da Cunha, Eny Raymundo Moreira, Roberto Amaral e \u00c1lvaro Augusto Ribeiro assinam \u00a0pedido de impeachment contra o ministro do STF, Gilmar Mendes, que ser\u00e1 protocolado no pr\u00f3ximo dia 13, ter\u00e7a-feira, \u00e0s 15 horas, no Protocolo do Senado Federal, em Bras\u00edlia. Marcelo Levenere, ex-presidente do Conselho Federal da OAB, acompanhar\u00e1, como advogado dos autores, a tramita\u00e7\u00e3o do processo no SF.<\/div>\n<div><\/div>\n<div>Entre as testemunhas arroladas est\u00e3o o escritor Fernando Morais, a historiadora Isabel Lustosa, o jornalista e escritor Jos\u00e9 Carlos de Assis, o ex-deputado Aldo Arantes e o historiador e professor universit\u00e1rio Lincoln Penna.<\/div>\n","protected":false},"excerpt":{"rendered":"<p>Os juristas Celso Ant\u00f4nio Bandeira de Mello, F\u00e1bio Konder Comparato, S\u00e9rgio S\u00e9rvulo da Cunha, Eny Raymundo Moreira, Roberto Amaral e \u00c1lvaro Augusto Ribeiro assinam \u00a0pedido de impeachment contra o ministro do STF, Gilmar Mendes, que ser\u00e1 protocolado no pr\u00f3ximo dia 13, ter\u00e7a-feira, \u00e0s 15 horas, no Protocolo do Senado Federal, em Bras\u00edlia. Marcelo Levenere, ex-presidente do Conselho Federal da OAB, [&hellip;]<\/p>\n","protected":false},"author":27,"featured_media":0,"comment_status":"open","ping_status":"closed","sticky":false,"template":"","format":"standard","meta":{"footnotes":""},"categories":[2719],"tags":[],"class_list":["post-2819","post","type-post","status-publish","format-standard","hentry","category-servidor"],"_links":{"self":[{"href":"https:\/\/blogs.correiobraziliense.com.br\/servidor\/wp-json\/wp\/v2\/posts\/2819","targetHints":{"allow":["GET"]}}],"collection":[{"href":"https:\/\/blogs.correiobraziliense.com.br\/servidor\/wp-json\/wp\/v2\/posts"}],"about":[{"href":"https:\/\/blogs.correiobraziliense.com.br\/servidor\/wp-json\/wp\/v2\/types\/post"}],"author":[{"embeddable":true,"href":"https:\/\/blogs.correiobraziliense.com.br\/servidor\/wp-json\/wp\/v2\/users\/27"}],"replies":[{"embeddable":true,"href":"https:\/\/blogs.correiobraziliense.com.br\/servidor\/wp-json\/wp\/v2\/comments?post=2819"}],"version-history":[{"count":1,"href":"https:\/\/blogs.correiobraziliense.com.br\/servidor\/wp-json\/wp\/v2\/posts\/2819\/revisions"}],"predecessor-version":[{"id":2822,"href":"https:\/\/blogs.correiobraziliense.com.br\/servidor\/wp-json\/wp\/v2\/posts\/2819\/revisions\/2822"}],"wp:attachment":[{"href":"https:\/\/blogs.correiobraziliense.com.br\/servidor\/wp-json\/wp\/v2\/media?parent=2819"}],"wp:term":[{"taxonomy":"category","embeddable":true,"href":"https:\/\/blogs.correiobraziliense.com.br\/servidor\/wp-json\/wp\/v2\/categories?post=2819"},{"taxonomy":"post_tag","embeddable":true,"href":"https:\/\/blogs.correiobraziliense.com.br\/servidor\/wp-json\/wp\/v2\/tags?post=2819"}],"curies":[{"name":"wp","href":"https:\/\/api.w.org\/{rel}","templated":true}]}}