{"id":2785,"date":"2016-09-09T12:04:11","date_gmt":"2016-09-09T15:04:11","guid":{"rendered":"https:\/\/blogs.correiobraziliense.com.br\/servidor\/?p=2785"},"modified":"2016-09-09T12:04:11","modified_gmt":"2016-09-09T15:04:11","slug":"anafe-governo-temer-paga-pela-pessima-escolha-do-advogado-geral-da-uniao","status":"publish","type":"post","link":"https:\/\/blogs.correiobraziliense.com.br\/servidor\/anafe-governo-temer-paga-pela-pessima-escolha-do-advogado-geral-da-uniao\/","title":{"rendered":"Anafe &#8211; &#8220;Governo Temer paga pela p\u00e9ssima escolha do Advogado-Geral da Uni\u00e3o&#8221;"},"content":{"rendered":"<p><em>Por meio de nota, a Associa\u00e7\u00e3o Nacional dos Advogados P\u00fablicos Federais (Anafe) informa que os\u00a0 membros da AGU temem indica\u00e7\u00e3o partid\u00e1ria que submeta a fun\u00e7\u00e3o, considerada essencial \u00e0 Justi\u00e7a, novamente a um temido jogo pol\u00edtico.<\/em><\/p>\n<p>Veja a nota:<\/p>\n<p>&#8220;A decis\u00e3o de nomear F\u00e1bio Medina Os\u00f3rio para o cargo de Advogado-Geral da Uni\u00e3o veio na contram\u00e3o do pedido feito pelos membros da AGU e a institui\u00e7\u00e3o paga pelas falhas administrativas da gest\u00e3o. Os membros da Advocacia-Geral da Uni\u00e3o prometem reagir contra interfer\u00eancias pol\u00edticas na pr\u00f3xima indica\u00e7\u00e3o de chefia.<\/p>\n<p>Desde a nomea\u00e7\u00e3o de F\u00e1bio Medina Os\u00f3rio \u00e0 AGU, sua atua\u00e7\u00e3o tem sido alvo de pol\u00eamicas dentro e fora da Advocacia-Geral da Uni\u00e3o. Os membros da institui\u00e7\u00e3o denunciaram a incompatibilidade do advogado que possui v\u00e1rias causas contra a Uni\u00e3o com o cargo e a falta de conhecimento da fun\u00e7\u00e3o, que acabou prejudicando sua atua\u00e7\u00e3o \u00e0 frente da institui\u00e7\u00e3o.<\/p>\n<p>Agora, as informa\u00e7\u00f5es do Planalto s\u00e3o no sentido de que Medina ser\u00e1 o primeiro a sair com a reforma ministerial. Os integrantes das carreiras jur\u00eddicas da AGU exigem o acolhimento da lista tr\u00edplice e defendem a escolha de algu\u00e9m que conhe\u00e7a as carreiras e a institui\u00e7\u00e3o.<\/p>\n<p>A Anafe, maior entidade representativa das carreiras, manifesta profunda indigna\u00e7\u00e3o com a forma como se deu a escolha dos \u00faltimos dirigentes da AGU, que ignorou as listas tr\u00edplices apresentadas \u00e0 ex-presidente da Rep\u00fablica Dilma Rousseff e posteriormente ao presidente, Michel Temer, incorrendo no equ\u00edvoco de nomear algu\u00e9m de fora das carreiras que comp\u00f5em a AGU.<\/p>\n<p>O presidente da Anafe, Marcelino Rodrigues, afirma que os membros da AGU t\u00eam lutado h\u00e1 tempos contra inger\u00eancias pol\u00edticas na Institui\u00e7\u00e3o e ressalta que a escolha do chefe m\u00e1ximo a partir da lista tr\u00edplice formada por membros da carreira seria uma importante evolu\u00e7\u00e3o para o pa\u00eds, uma vez que equilibrar\u00e1 a legitimidade do AGU.<\/p>\n<p>\u201cA Advocacia-Geral da Uni\u00e3o atua com excel\u00eancia no combate \u00e0 corrup\u00e7\u00e3o, na viabiliza\u00e7\u00e3o das pol\u00edticas p\u00fablicas e na preserva\u00e7\u00e3o do er\u00e1rio, n\u00e3o devendo em qualquer hip\u00f3tese abandonar a sua fun\u00e7\u00e3o de advocacia de Estado para assumir uma postura de advocacia de governo. Se h\u00e1 inten\u00e7\u00e3o de que a AGU exer\u00e7a a sua Fun\u00e7\u00e3o Essencial \u00e0 Justi\u00e7a, pautada por interesses republicanos e n\u00e3o pol\u00edticos de ocasi\u00e3o deve-se acolher a lista tr\u00edplice\u201d, afirma.<\/p>\n<p><strong>HIST\u00d3RICO <\/strong><\/p>\n<p>As entidades da Advocacia P\u00fablica Federal j\u00e1 realizaram a consulta \u00e0 carreira duas vezes. As listas tr\u00edplices, para indica\u00e7\u00e3o do Advogado-Geral da Uni\u00e3o n\u00e3o foram acolhidas em nenhuma das ocasi\u00f5es.<\/p>\n<p>Por outro lado, desde 2003, a forma\u00e7\u00e3o da lista tr\u00edplice para escolha do procurador-geral da Rep\u00fablica vem sendo aceita. A iniciativa \u00e9 da Associa\u00e7\u00e3o Nacional dos Procuradores da Rep\u00fablica (ANPR), que afirma que o processo atende ao clamor da classe de indicar aquele que acredita serem os mais preparados para a fun\u00e7\u00e3o.<\/p>\n<p><strong>INTEGRANTES DA LISTA TR\u00cdPLICE DA AGU<\/strong><\/p>\n<p><strong>GALDINO JOSE DIAS FILHO &#8211; Procurador Federal desde 2002<\/strong><\/p>\n<p><strong>LADEMIR GOMES DA ROCHA &#8211; Procurador do Banco Central desde 1993 <\/strong><\/p>\n<p><strong>RONALDO CAMPOS E SILVA &#8211; Procurador da Fazenda Nacional DESDE 1998&#8243;<\/strong><\/p>\n","protected":false},"excerpt":{"rendered":"<p>Por meio de nota, a Associa\u00e7\u00e3o Nacional dos Advogados P\u00fablicos Federais (Anafe) informa que os\u00a0 membros da AGU temem indica\u00e7\u00e3o partid\u00e1ria que submeta a fun\u00e7\u00e3o, considerada essencial \u00e0 Justi\u00e7a, novamente a um temido jogo pol\u00edtico. Veja a nota: &#8220;A decis\u00e3o de nomear F\u00e1bio Medina Os\u00f3rio para o cargo de Advogado-Geral da Uni\u00e3o veio na contram\u00e3o do pedido feito pelos membros [&hellip;]<\/p>\n","protected":false},"author":27,"featured_media":0,"comment_status":"open","ping_status":"closed","sticky":false,"template":"","format":"standard","meta":{"footnotes":""},"categories":[2719],"tags":[157,1234,1093,98,2165,986,2443,2973,3465,1895,987],"class_list":["post-2785","post","type-post","status-publish","format-standard","hentry","category-servidor","tag-agu","tag-anafe","tag-escolha","tag-governo","tag-indicacao","tag-lista","tag-paga","tag-partidaria","tag-pessima","tag-temer","tag-triplice"],"_links":{"self":[{"href":"https:\/\/blogs.correiobraziliense.com.br\/servidor\/wp-json\/wp\/v2\/posts\/2785","targetHints":{"allow":["GET"]}}],"collection":[{"href":"https:\/\/blogs.correiobraziliense.com.br\/servidor\/wp-json\/wp\/v2\/posts"}],"about":[{"href":"https:\/\/blogs.correiobraziliense.com.br\/servidor\/wp-json\/wp\/v2\/types\/post"}],"author":[{"embeddable":true,"href":"https:\/\/blogs.correiobraziliense.com.br\/servidor\/wp-json\/wp\/v2\/users\/27"}],"replies":[{"embeddable":true,"href":"https:\/\/blogs.correiobraziliense.com.br\/servidor\/wp-json\/wp\/v2\/comments?post=2785"}],"version-history":[{"count":1,"href":"https:\/\/blogs.correiobraziliense.com.br\/servidor\/wp-json\/wp\/v2\/posts\/2785\/revisions"}],"predecessor-version":[{"id":2786,"href":"https:\/\/blogs.correiobraziliense.com.br\/servidor\/wp-json\/wp\/v2\/posts\/2785\/revisions\/2786"}],"wp:attachment":[{"href":"https:\/\/blogs.correiobraziliense.com.br\/servidor\/wp-json\/wp\/v2\/media?parent=2785"}],"wp:term":[{"taxonomy":"category","embeddable":true,"href":"https:\/\/blogs.correiobraziliense.com.br\/servidor\/wp-json\/wp\/v2\/categories?post=2785"},{"taxonomy":"post_tag","embeddable":true,"href":"https:\/\/blogs.correiobraziliense.com.br\/servidor\/wp-json\/wp\/v2\/tags?post=2785"}],"curies":[{"name":"wp","href":"https:\/\/api.w.org\/{rel}","templated":true}]}}