{"id":2773,"date":"2016-08-24T12:26:18","date_gmt":"2016-08-24T15:26:18","guid":{"rendered":"https:\/\/blogs.correiobraziliense.com.br\/servidor\/?p=2773"},"modified":"2016-08-24T12:26:18","modified_gmt":"2016-08-24T15:26:18","slug":"paralisacao-no-tesouro","status":"publish","type":"post","link":"https:\/\/blogs.correiobraziliense.com.br\/servidor\/paralisacao-no-tesouro\/","title":{"rendered":"Paralisa\u00e7\u00e3o no Tesouro"},"content":{"rendered":"<p>A greve dos servidores do Tesouro Nacional e da Controladoria-Geral da Uni\u00e3o come\u00e7a a impactar seriamente o servi\u00e7o p\u00fablico. Ontem, a Secretaria do Tesouro Nacional informou, em nota, que por \u201crestri\u00e7\u00f5es operacionais\u201d, o Relat\u00f3rio Mensal da D\u00edvida do m\u00eas de julho n\u00e3o ser\u00e1 divulgado hoje, mas n\u00e3o definiu uma nova data. O Minist\u00e9rio da Fazenda n\u00e3o quis comentar a decis\u00e3o.<\/p>\n<p>De acordo com Sindicato Nacional dos Analistas e T\u00e9cnicos de Finan\u00e7as e Controle (Unacon Sindical), o impasse entre os funcion\u00e1rios e o governo impactou na suspens\u00e3o dos leil\u00f5es de recompra de t\u00edtulos, em atrasos nas opera\u00e7\u00f5es de cr\u00e9ditos, e pode atrasar a libera\u00e7\u00e3o, prevista para amanh\u00e3, de outro relat\u00f3rio do Tesouro Nacional.<\/p>\n<p>Al\u00e9m disso, os termos aditivos necess\u00e1rios \u00e0 implementa\u00e7\u00e3o dos dispositivos previstos na Lei Complementar n\u00b0 148\/2014 e PLP n\u00b0 257\/2016, que beneficiaram estados e munic\u00edpios com redu\u00e7\u00e3o no servi\u00e7o das suas d\u00edvidas, est\u00e3o estagnados. Tamb\u00e9m h\u00e1 possibilidade de atraso nos pagamentos dos servidores federais, caso a situa\u00e7\u00e3o pendure at\u00e9 o come\u00e7o de setembro.<\/p>\n<p>\u201cA \u00faltima coisa que queremos \u00e9 causar preju\u00edzo para o pa\u00eds. Ainda mais em um momento em \u00e9 necess\u00e1rio recuperar as contas p\u00fablicas. Mas \u00e9 inevit\u00e1vel quando o caixa do governo deixa de funcionar\u201d, afirmou o presidente do Unacon Sindical, Rudnei Marques.<\/p>\n<p>Com a paralisa\u00e7\u00e3o, o sistema do Tesouro Direto apresentou instabilidade e problemas de manuten\u00e7\u00e3o. Desde a semana passada, os hor\u00e1rios de funcionamento de investimentos em t\u00edtulos foram alterados.<\/p>\n","protected":false},"excerpt":{"rendered":"<p>A greve dos servidores do Tesouro Nacional e da Controladoria-Geral da Uni\u00e3o come\u00e7a a impactar seriamente o servi\u00e7o p\u00fablico. Ontem, a Secretaria do Tesouro Nacional informou, em nota, que por \u201crestri\u00e7\u00f5es operacionais\u201d, o Relat\u00f3rio Mensal da D\u00edvida do m\u00eas de julho n\u00e3o ser\u00e1 divulgado hoje, mas n\u00e3o definiu uma nova data. O Minist\u00e9rio da Fazenda n\u00e3o quis comentar a decis\u00e3o. [&hellip;]<\/p>\n","protected":false},"author":27,"featured_media":0,"comment_status":"open","ping_status":"closed","sticky":false,"template":"","format":"standard","meta":{"footnotes":""},"categories":[2719],"tags":[3446,2035,302,151,506,3447,3445,58,964,3448,303],"class_list":["post-2773","post","type-post","status-publish","format-standard","hentry","category-servidor","tag-atraso","tag-cgu","tag-fazenda","tag-pagamento","tag-paralisacao","tag-recuperar","tag-relatorio-mensal-da-divida","tag-servidores","tag-tesouro","tag-tesouro-direto","tag-unacon"],"_links":{"self":[{"href":"https:\/\/blogs.correiobraziliense.com.br\/servidor\/wp-json\/wp\/v2\/posts\/2773","targetHints":{"allow":["GET"]}}],"collection":[{"href":"https:\/\/blogs.correiobraziliense.com.br\/servidor\/wp-json\/wp\/v2\/posts"}],"about":[{"href":"https:\/\/blogs.correiobraziliense.com.br\/servidor\/wp-json\/wp\/v2\/types\/post"}],"author":[{"embeddable":true,"href":"https:\/\/blogs.correiobraziliense.com.br\/servidor\/wp-json\/wp\/v2\/users\/27"}],"replies":[{"embeddable":true,"href":"https:\/\/blogs.correiobraziliense.com.br\/servidor\/wp-json\/wp\/v2\/comments?post=2773"}],"version-history":[{"count":1,"href":"https:\/\/blogs.correiobraziliense.com.br\/servidor\/wp-json\/wp\/v2\/posts\/2773\/revisions"}],"predecessor-version":[{"id":2774,"href":"https:\/\/blogs.correiobraziliense.com.br\/servidor\/wp-json\/wp\/v2\/posts\/2773\/revisions\/2774"}],"wp:attachment":[{"href":"https:\/\/blogs.correiobraziliense.com.br\/servidor\/wp-json\/wp\/v2\/media?parent=2773"}],"wp:term":[{"taxonomy":"category","embeddable":true,"href":"https:\/\/blogs.correiobraziliense.com.br\/servidor\/wp-json\/wp\/v2\/categories?post=2773"},{"taxonomy":"post_tag","embeddable":true,"href":"https:\/\/blogs.correiobraziliense.com.br\/servidor\/wp-json\/wp\/v2\/tags?post=2773"}],"curies":[{"name":"wp","href":"https:\/\/api.w.org\/{rel}","templated":true}]}}