{"id":2769,"date":"2016-08-24T11:52:56","date_gmt":"2016-08-24T14:52:56","guid":{"rendered":"https:\/\/blogs.correiobraziliense.com.br\/servidor\/?p=2769"},"modified":"2016-08-24T11:52:56","modified_gmt":"2016-08-24T14:52:56","slug":"servidores-se-revoltam","status":"publish","type":"post","link":"https:\/\/blogs.correiobraziliense.com.br\/servidor\/servidores-se-revoltam\/","title":{"rendered":"Servidores se revoltam"},"content":{"rendered":"<p><span style=\"font-size: medium\">As categorias que tem reajuste salarial dependente de projetos de lei em an\u00e1lise no Congresso se revoltaram contra a inten\u00e7\u00e3o do governo de adiar as vota\u00e7\u00f5es. Para magistrados, o aumento dos ministros do Supremo Tribunal Federal (STF) \u2014 que estabelece o teto do funcionalismo \u2014 deveria ser decidido logo. \u201cO pedido de urg\u00eancia tem que passar pelo Congresso antes do impeachment e o projeto deve ir logo \u00e0 aprecia\u00e7\u00e3o do presidente Temer\u201d, enfatizou Germano Siqueira, presidente da Associa\u00e7\u00e3o Nacional dos Magistrados da Justi\u00e7a do Trabalho (Anamatra). \u201cN\u00e3o h\u00e1 motivo t\u00e9cnico para protela\u00e7\u00e3o.\u201d<\/span><\/p>\n<p><span style=\"font-size: medium\">Siqueira chega a dizer que o efeito cascata da reposi\u00e7\u00e3o de 16,38% em dois anos, \u00e9 praticamente nulo. Segundo ele, o estudo do senador Ricardo Ferra\u00e7o (PSDB-ES), de que o impacto financeiro \u00e9 de R$ 4,5 bilh\u00f5es, partiu de premissa errada. \u201cSe dividirmos o valor por 26 estados e o Distrito Federal e por 12 meses do ano, o efeito \u00e9 bem menor\u201d, argumentou. \u201c<span style=\"font-family: Utopia,sans-serif\">Os c\u00e1lculos s\u00e3o equivocados. Incluem<\/span> <span style=\"font-family: Utopia,sans-serif\">todos os servidores estaduais, at\u00e9 aqueles que n\u00e3o s\u00e3o alvo de aumentos autom\u00e1ticos\u201d, refor\u00e7ou o presidente da Associa\u00e7\u00e3o Nacional dos Procuradores da Rep\u00fablica (ANPR), Jos\u00e9 Robalinho. <\/span><\/span><\/p>\n<p><span style=\"font-size: medium\">Para Siqueira, a rela\u00e7\u00e3o entre as institui\u00e7\u00f5es ficaram complicadas. \u201c Tudo j\u00e1 foi discutido entre o presidente do STF, ministro Ricardo Lewandowski, com Dilma e Temer e lideran\u00e7as do Congresso. Faltar com a palavra, agora, \u00e9 grave. Seria mais digno dizer logo que n\u00e3o vai votar, do que tratar a magistratura e o Minist\u00e9rio P\u00fablico com esse desrespeito\u201d, disse. <\/span><\/p>\n<p><span style=\"font-family: Utopia,sans-serif\"><span style=\"font-size: medium\">O adiamento<\/span><\/span> <span style=\"font-family: Utopia,sans-serif\"><span style=\"font-size: medium\">foi tema de discuss\u00e3o em um grupo mantido por policiais federais em uma rede social. \u201cSeria um caos. O pa\u00eds pararia\u201d, disse Lu\u00eds Boudens, presidente da Fenapef (que representa agentes, escriv\u00e3es e papiloscopistas). Carlos Eduardo Sobral, presidente da Associa\u00e7\u00e3o Nacional dos Delegados de Pol\u00edcia Federal (ADPF) disse que n\u00e3o h\u00e1 como deixar de<\/span><\/span> <span style=\"font-family: Utopia,sans-serif\"><span style=\"font-size: medium\">repor as perdas de servidores de institui\u00e7\u00f5es importantes como a Pol\u00edcia e a Receita Federal. \u201cMesmo diante de um per\u00edodo conturbado, n\u00e3o h\u00e1 justificativa para tamanho desrespeito. Motivaria atos de protestos e at\u00e9 paralisa\u00e7\u00f5es. O governo tem que apontar suas prioridades.\u201d. <\/span><\/span><\/p>\n<p><span style=\"font-family: Utopia,sans-serif\"><span style=\"font-size: medium\">Pedro Delarue, diretor do Sindicato Nacional dos Auditores-Fiscais da Receita, afirmou<\/span><\/span> <span style=\"font-family: Utopia,sans-serif\"><span style=\"font-size: medium\">que \u201ccausou inc\u00f4modo a sinaliza\u00e7\u00e3o do governo de jogar para frente os reajustes<\/span><\/span>\u201d<span style=\"font-family: Utopia,sans-serif\"><span style=\"font-size: medium\">. Ontem, a classe iniciou assembleia para discutir a possibilidade de opera\u00e7\u00e3o-padr\u00e3o em portos, aeroportos e fronteiras. <\/span><\/span><\/p>\n","protected":false},"excerpt":{"rendered":"<p>As categorias que tem reajuste salarial dependente de projetos de lei em an\u00e1lise no Congresso se revoltaram contra a inten\u00e7\u00e3o do governo de adiar as vota\u00e7\u00f5es. Para magistrados, o aumento dos ministros do Supremo Tribunal Federal (STF) \u2014 que estabelece o teto do funcionalismo \u2014 deveria ser decidido logo. \u201cO pedido de urg\u00eancia tem que passar pelo Congresso antes do [&hellip;]<\/p>\n","protected":false},"author":27,"featured_media":0,"comment_status":"open","ping_status":"closed","sticky":false,"template":"","format":"standard","meta":{"footnotes":""},"categories":[2719],"tags":[3440,100,1164,98,1884,1300,63,1484,18,58,642],"class_list":["post-2769","post","type-post","status-publish","format-standard","hentry","category-servidor","tag-adiar","tag-congresso","tag-funcionalismo","tag-governo","tag-impeachment","tag-projetos","tag-reajuste","tag-revoltam","tag-salarial","tag-servidores","tag-teto"],"_links":{"self":[{"href":"https:\/\/blogs.correiobraziliense.com.br\/servidor\/wp-json\/wp\/v2\/posts\/2769","targetHints":{"allow":["GET"]}}],"collection":[{"href":"https:\/\/blogs.correiobraziliense.com.br\/servidor\/wp-json\/wp\/v2\/posts"}],"about":[{"href":"https:\/\/blogs.correiobraziliense.com.br\/servidor\/wp-json\/wp\/v2\/types\/post"}],"author":[{"embeddable":true,"href":"https:\/\/blogs.correiobraziliense.com.br\/servidor\/wp-json\/wp\/v2\/users\/27"}],"replies":[{"embeddable":true,"href":"https:\/\/blogs.correiobraziliense.com.br\/servidor\/wp-json\/wp\/v2\/comments?post=2769"}],"version-history":[{"count":1,"href":"https:\/\/blogs.correiobraziliense.com.br\/servidor\/wp-json\/wp\/v2\/posts\/2769\/revisions"}],"predecessor-version":[{"id":2770,"href":"https:\/\/blogs.correiobraziliense.com.br\/servidor\/wp-json\/wp\/v2\/posts\/2769\/revisions\/2770"}],"wp:attachment":[{"href":"https:\/\/blogs.correiobraziliense.com.br\/servidor\/wp-json\/wp\/v2\/media?parent=2769"}],"wp:term":[{"taxonomy":"category","embeddable":true,"href":"https:\/\/blogs.correiobraziliense.com.br\/servidor\/wp-json\/wp\/v2\/categories?post=2769"},{"taxonomy":"post_tag","embeddable":true,"href":"https:\/\/blogs.correiobraziliense.com.br\/servidor\/wp-json\/wp\/v2\/tags?post=2769"}],"curies":[{"name":"wp","href":"https:\/\/api.w.org\/{rel}","templated":true}]}}