{"id":2767,"date":"2016-08-24T11:49:54","date_gmt":"2016-08-24T14:49:54","guid":{"rendered":"https:\/\/blogs.correiobraziliense.com.br\/servidor\/?p=2767"},"modified":"2016-08-24T11:49:54","modified_gmt":"2016-08-24T14:49:54","slug":"defensores-aprovacao-contestada","status":"publish","type":"post","link":"https:\/\/blogs.correiobraziliense.com.br\/servidor\/defensores-aprovacao-contestada\/","title":{"rendered":"Defensores: aprova\u00e7\u00e3o contestada"},"content":{"rendered":"<p><em>Por infra\u00e7\u00e3o ao regimento, Renan pode desconsiderar decis\u00e3o da CAE<\/em><\/p>\n<p>Em sess\u00e3o tumultuada, a Comiss\u00e3o de Assuntos Econ\u00f4micos (CAE) do Senado aprovou projeto de lei que reajusta o sal\u00e1rio dos defensores p\u00fablicos da Uni\u00e3o. O texto foi enviado ao plen\u00e1rio da Casa, mas poder\u00e1 ser devolvido pelo presidente do Senado, Renan Calheiros (PMDB-AL). O problema \u00e9 que a decis\u00e3o foi tomada quando j\u00e1 havia sido iniciada uma sess\u00e3o do Congresso. De acordo com o regimento, os trabalhos das comiss\u00f5es devem ser interrompidos se houver sess\u00e3o deliberativa em plen\u00e1rio.<\/p>\n<p>O senador Ronaldo Caiado (DEM-GO) afirmou que entrar\u00e1 com recurso contra a aprova\u00e7\u00e3o. O pr\u00f3prio Renan disse, ao presidir a sess\u00e3o do Congresso, que \u201cnenhuma delibera\u00e7\u00e3o das comiss\u00f5es ser\u00e1 levada em considera\u00e7\u00e3o\u201c, caso tenha sido tomada ap\u00f3s o in\u00edcio dos trabalhos no plen\u00e1rio. V\u00e1rios recursos foram feitos \u00e0 mesa diretora. Renan disse que analisar\u00e1 todos.<\/p>\n<p>A presidente da CAE, Gleisi Hoffmann (PT-RS), disse n\u00e3o ver irregularidade na vota\u00e7\u00e3o, realizada sob o comando do colega de partido Jos\u00e9 Pimentel (CE). \u201cN\u00e3o havia quorum na sess\u00e3o do Congresso quando ele iniciou o processo\u201c, afirmou.<\/p>\n<p>O ministro do Planejamento, Dyogo Oliveira, disse que o governo n\u00e3o firmou qualquer acordo com defensores p\u00fablicos. Pela proposta aprovada, o sal\u00e1rio do defensor-geral, teto da categoria, sobe para R$ 31.557 a partir de 1\u00ba de julho de 2016, e ser\u00e1 elevado gradativamente at\u00e9 alcan\u00e7ar R$ 33.763 em janeiro de 2018. O impacto \u00e9 de R$ 7,8 milh\u00f5es neste ano, mas chega a R$ 119,8 milh\u00f5es em 2018.<\/p>\n<p>A medida gerou debate acalorado na CAE. O senador Jos\u00e9 An\u00edbal (PSDB-SP) destacou que, desde o fim da d\u00e9cada de 1990, os defensores j\u00e1 tiveram o sal\u00e1rio aumentado em 800%. Mas a senadora Vanessa Grazziotin (PC do B-AM) ressaltou que o impacto \u00e9 de apenas R$ 100 milh\u00f5es anuais, j\u00e1 previsto na Lei de Diretrizes Or\u00e7ament\u00e1rias do pr\u00f3ximo ano. \u201cOs defensores n\u00e3o podem ser responsabilizados pela crise do pa\u00eds\u201c, disse. (<b>AT e PSP<\/b>)<\/p>\n","protected":false},"excerpt":{"rendered":"<p>Por infra\u00e7\u00e3o ao regimento, Renan pode desconsiderar decis\u00e3o da CAE Em sess\u00e3o tumultuada, a Comiss\u00e3o de Assuntos Econ\u00f4micos (CAE) do Senado aprovou projeto de lei que reajusta o sal\u00e1rio dos defensores p\u00fablicos da Uni\u00e3o. O texto foi enviado ao plen\u00e1rio da Casa, mas poder\u00e1 ser devolvido pelo presidente do Senado, Renan Calheiros (PMDB-AL). O problema \u00e9 que a decis\u00e3o foi [&hellip;]<\/p>\n","protected":false},"author":27,"featured_media":0,"comment_status":"open","ping_status":"closed","sticky":false,"template":"","format":"standard","meta":{"footnotes":""},"categories":[2719],"tags":[1497,2780,3439,2807,2776,101,2431,2441,643,696],"class_list":["post-2767","post","type-post","status-publish","format-standard","hentry","category-servidor","tag-aprovacao","tag-cae","tag-contestada","tag-defensores","tag-plenario","tag-projeto","tag-reajusta","tag-recurso","tag-salario","tag-senado"],"_links":{"self":[{"href":"https:\/\/blogs.correiobraziliense.com.br\/servidor\/wp-json\/wp\/v2\/posts\/2767","targetHints":{"allow":["GET"]}}],"collection":[{"href":"https:\/\/blogs.correiobraziliense.com.br\/servidor\/wp-json\/wp\/v2\/posts"}],"about":[{"href":"https:\/\/blogs.correiobraziliense.com.br\/servidor\/wp-json\/wp\/v2\/types\/post"}],"author":[{"embeddable":true,"href":"https:\/\/blogs.correiobraziliense.com.br\/servidor\/wp-json\/wp\/v2\/users\/27"}],"replies":[{"embeddable":true,"href":"https:\/\/blogs.correiobraziliense.com.br\/servidor\/wp-json\/wp\/v2\/comments?post=2767"}],"version-history":[{"count":1,"href":"https:\/\/blogs.correiobraziliense.com.br\/servidor\/wp-json\/wp\/v2\/posts\/2767\/revisions"}],"predecessor-version":[{"id":2768,"href":"https:\/\/blogs.correiobraziliense.com.br\/servidor\/wp-json\/wp\/v2\/posts\/2767\/revisions\/2768"}],"wp:attachment":[{"href":"https:\/\/blogs.correiobraziliense.com.br\/servidor\/wp-json\/wp\/v2\/media?parent=2767"}],"wp:term":[{"taxonomy":"category","embeddable":true,"href":"https:\/\/blogs.correiobraziliense.com.br\/servidor\/wp-json\/wp\/v2\/categories?post=2767"},{"taxonomy":"post_tag","embeddable":true,"href":"https:\/\/blogs.correiobraziliense.com.br\/servidor\/wp-json\/wp\/v2\/tags?post=2767"}],"curies":[{"name":"wp","href":"https:\/\/api.w.org\/{rel}","templated":true}]}}