{"id":276,"date":"2015-06-29T20:13:00","date_gmt":"2015-06-29T20:13:00","guid":{"rendered":"https:\/\/blogs.correiobraziliense.com.br\/servidor\/carta_aberta_aos_participantes_dos_fundos_de_pensao_de_estatais\/"},"modified":"2015-06-29T20:13:00","modified_gmt":"2015-06-29T20:13:00","slug":"carta_aberta_aos_participantes_dos_fundos_de_pensao_de_estatais","status":"publish","type":"post","link":"https:\/\/blogs.correiobraziliense.com.br\/servidor\/carta_aberta_aos_participantes_dos_fundos_de_pensao_de_estatais\/","title":{"rendered":"CARTA ABERTA AOS PARTICIPANTES DOS FUNDOS DE PENS\u00c3O DE ESTATAIS"},"content":{"rendered":"<p>O F\u00f3rum Independente dos Fundos de Pens\u00e3o (Fidef) re\u00fane v\u00e1rias entidades do setor <\/p>\n<p>Leia a carta, na \u00edntegra: <\/p>\n<p> &#8220;Em  19 de mar\u00e7o deste ano, estivemos reunidos com a Previc, \u00f3rg\u00e3o de fiscaliza\u00e7\u00e3o  das Entidades Fechadas de Previd\u00eancia Complementar para manifestar nossa  preocupa\u00e7\u00e3o com o equil\u00edbrio financeiro-atuarial dos planos de benef\u00edcios  administrados pelas Entidades acima citadas e o modelo de supervis\u00e3o e  fiscaliza\u00e7\u00e3o previdenci\u00e1rio atualmente praticado.  <\/p>\n<p>Na  ocasi\u00e3o apresentamos um programa com oito pontos a seguir, como medidas para  melhoria:  <\/p>\n<p>1)  Rever a pol\u00edtica de supervis\u00e3o baseada em aspectos formais, burocr\u00e1ticos, sem  rela\u00e7\u00e3o com asseguramento da rentabilidade e solv\u00eancia dos planos; 2)  Assegurar a efetiva paridade representativa, considerando os aspectos  quantitativos e qualitativos, em n\u00edvel de Diretoria e Conselhos; 3)  Rever o rateio de despesas administrativas entre planos, com virtuais  \u201csubs\u00eddios\u201d de planos menores por planos maiores; 4)  Aboli\u00e7\u00e3o do voto de qualidade nas inst\u00e2ncias decis\u00f3rias das  entidades; 5)  Aferi\u00e7\u00e3o dos par\u00e2metros de avalia\u00e7\u00e3o\/precifica\u00e7\u00e3o de ativos de investimentos  comuns a diversas EFPC, manifestando-se quanto \u00e0 sua congru\u00eancia e apontando os  principais aspectos de discrep\u00e2ncia identificados; 6)  Atribuir responsabilidades exclusivas \u00e0s patrocinadoras no aporte de recursos  para recomposi\u00e7\u00e3o das reservas matem\u00e1ticas, em decorr\u00eancia de pol\u00edticas de  recursos humanos, com reflexos em a\u00e7\u00f5es trabalhistas e\/ou que trazem impactos  atuariais aos planos; 7)  Exig\u00eancia, pela Previc, de auditoria investigativa independente, para os ativos  de investimento com provisionamento para perda parcial ou total, com a devida  apura\u00e7\u00e3o das responsabilidades, nos termos do Decreto 4942\/2003; 8)  Posicionamento da Previc acerca de planos de enquadramento de itens de  investimento em desacordo com a Resolu\u00e7\u00e3o CMN 3792\/2009, cujo prazo tenha  expirado, sem a sua resolu\u00e7\u00e3o definitiva.  <\/p>\n<p>Diante  da aus\u00eancia de posicionamento da Prevuc, n\u00f3s, abaixo assinados, viemos a p\u00fablico  manifestar nossa indigna\u00e7\u00e3o em face dos graves problemas de regula\u00e7\u00e3o e  fiscaliza\u00e7\u00e3o, ainda presentes, que os participantes enfrentam para assegurar a  seguran\u00e7a, rentabilidade e liquidez dos investimentos e o devido equil\u00edbrio  atuarial dos planos.  <\/p>\n<p>Como  pontuamos \u00e0 Previc, a situa\u00e7\u00e3o em que se encontra o Plano de Benef\u00edcio Definido  do Postalis \u00e9 ilustrativa das vulnerabilidades a que os participantes do sistema  de previd\u00eancia complementar fechado est\u00e3o expostos. E principalmente demonstram  a inefic\u00e1cia do modelo de supervis\u00e3o e fiscaliza\u00e7\u00e3o vigente.  <\/p>\n<p>Nosso  objetivo \u00e9 impedir que situa\u00e7\u00f5es como esta se repitam.  <\/p>\n<p>Iniciaremos  novas a\u00e7\u00f5es institucionais para avan\u00e7ar nas solu\u00e7\u00f5es dos problemas do setor,  dentre as quais destacamos reuni\u00e3o a ser realizada com o atual Ministro da  Previd\u00eancia, Carlos Gabas, para tratar do assunto.  <\/p>\n<p> FIDEF  \u2013 F\u00d3RUM INDEPENDENTE EM DEFESA DOS FUNDOS DE PENS\u00c3O  <\/p>\n<p>\u00c2NGELO  DONGA <\/p>\n<p>Conselheiro Eleito \u2013 POSTALIS SERGIO  BLEASBY&nbsp; <\/p>\n<p>Conselheiro Eleito &#8211; POSTALIS ANTONIO  AUGUSTO DE MIRANDA E SOUZA&nbsp;&nbsp; <\/p>\n<p>Diretor Eleito &#8211; FUNCEF&nbsp; D\u00c9LVIO  JOAQUIM LOPES BRITO <\/p>\n<p>Diretor eleito \u2013 FUNCEF MAX  MAURAN PANTOJA COSTA <\/p>\n<p>Diretor Eleito \u2013 FUNCEF D\u00c9CIO  BOTTECHIA JR. <\/p>\n<p>Diretor Eleito &#8211; PREVI CEC\u00cdLIA  GARCEZ <\/p>\n<p>Diretora Eleita &#8211; PREVI PAULO  BRAND\u00c3O <\/p>\n<p>Conselheiro Eleito \u2013 PETROS RONALDO  TEDESCO <\/p>\n<p>Conselheiro Eleito &#8211; PETROS S\u00cdLVIO  SINEDINO <\/p>\n<p>Conselheiro Eleito \u2013 PETROS T\u00c2NIA  VERA VICENTE <\/p>\n<p>Conselheira Eleita \u2013 REAL GRANDEZA PATR\u00cdCIA  MELO <\/p>\n<p>Conselheira Eleita \u2013 REAL GRANDEZA <\/p>\n<p>Bras\u00edlia, 20h13min <\/p>\n","protected":false},"excerpt":{"rendered":"<p>O F\u00f3rum Independente dos Fundos de Pens\u00e3o (Fidef) re\u00fane v\u00e1rias entidades do setor Leia a carta, na \u00edntegra: &#8220;Em 19 de mar\u00e7o deste ano, estivemos reunidos com a Previc, \u00f3rg\u00e3o de fiscaliza\u00e7\u00e3o das Entidades Fechadas de Previd\u00eancia Complementar para manifestar nossa preocupa\u00e7\u00e3o com o equil\u00edbrio financeiro-atuarial dos planos de benef\u00edcios administrados pelas Entidades acima citadas e o modelo de supervis\u00e3o [&hellip;]<\/p>\n","protected":false},"author":27,"featured_media":0,"comment_status":"open","ping_status":"open","sticky":false,"template":"","format":"standard","meta":{"footnotes":""},"categories":[1],"tags":[],"class_list":["post-276","post","type-post","status-publish","format-standard","hentry","category-sem-categoria"],"_links":{"self":[{"href":"https:\/\/blogs.correiobraziliense.com.br\/servidor\/wp-json\/wp\/v2\/posts\/276","targetHints":{"allow":["GET"]}}],"collection":[{"href":"https:\/\/blogs.correiobraziliense.com.br\/servidor\/wp-json\/wp\/v2\/posts"}],"about":[{"href":"https:\/\/blogs.correiobraziliense.com.br\/servidor\/wp-json\/wp\/v2\/types\/post"}],"author":[{"embeddable":true,"href":"https:\/\/blogs.correiobraziliense.com.br\/servidor\/wp-json\/wp\/v2\/users\/27"}],"replies":[{"embeddable":true,"href":"https:\/\/blogs.correiobraziliense.com.br\/servidor\/wp-json\/wp\/v2\/comments?post=276"}],"version-history":[{"count":0,"href":"https:\/\/blogs.correiobraziliense.com.br\/servidor\/wp-json\/wp\/v2\/posts\/276\/revisions"}],"wp:attachment":[{"href":"https:\/\/blogs.correiobraziliense.com.br\/servidor\/wp-json\/wp\/v2\/media?parent=276"}],"wp:term":[{"taxonomy":"category","embeddable":true,"href":"https:\/\/blogs.correiobraziliense.com.br\/servidor\/wp-json\/wp\/v2\/categories?post=276"},{"taxonomy":"post_tag","embeddable":true,"href":"https:\/\/blogs.correiobraziliense.com.br\/servidor\/wp-json\/wp\/v2\/tags?post=276"}],"curies":[{"name":"wp","href":"https:\/\/api.w.org\/{rel}","templated":true}]}}