{"id":2753,"date":"2016-08-23T15:52:59","date_gmt":"2016-08-23T18:52:59","guid":{"rendered":"https:\/\/blogs.correiobraziliense.com.br\/servidor\/?p=2753"},"modified":"2016-08-23T15:53:14","modified_gmt":"2016-08-23T18:53:14","slug":"servidores-do-itamaraty-acampam-na-porta-do-gabinete-do-ministro-jose-serr","status":"publish","type":"post","link":"https:\/\/blogs.correiobraziliense.com.br\/servidor\/servidores-do-itamaraty-acampam-na-porta-do-gabinete-do-ministro-jose-serr\/","title":{"rendered":"Servidores do Itamaraty acampam na porta do gabinete do ministro Jos\u00e9 Serra"},"content":{"rendered":"<p><img loading=\"lazy\" decoding=\"async\" class=\"aligncenter size-full wp-image-2755\" src=\"https:\/\/blogs.correiobraziliense.com.br\/servidor\/wp-content\/uploads\/sites\/10\/2016\/08\/itamaraty.jpeg\" alt=\"itamaraty\" width=\"1280\" height=\"719\" srcset=\"https:\/\/blogs.correiobraziliense.com.br\/servidor\/wp-content\/uploads\/sites\/10\/2016\/08\/itamaraty.jpeg 1280w, https:\/\/blogs.correiobraziliense.com.br\/servidor\/wp-content\/uploads\/sites\/10\/2016\/08\/itamaraty-300x169.jpeg 300w, https:\/\/blogs.correiobraziliense.com.br\/servidor\/wp-content\/uploads\/sites\/10\/2016\/08\/itamaraty-768x431.jpeg 768w, https:\/\/blogs.correiobraziliense.com.br\/servidor\/wp-content\/uploads\/sites\/10\/2016\/08\/itamaraty-1024x575.jpeg 1024w, https:\/\/blogs.correiobraziliense.com.br\/servidor\/wp-content\/uploads\/sites\/10\/2016\/08\/itamaraty-350x197.jpeg 350w, https:\/\/blogs.correiobraziliense.com.br\/servidor\/wp-content\/uploads\/sites\/10\/2016\/08\/itamaraty-550x309.jpeg 550w, https:\/\/blogs.correiobraziliense.com.br\/servidor\/wp-content\/uploads\/sites\/10\/2016\/08\/itamaraty-230x129.jpeg 230w\" sizes=\"auto, (max-width: 1280px) 100vw, 1280px\" \/><\/p>\n<p>&nbsp;<\/p>\n<p>Servidores do Itamaraty fazem protesto nos corredores do Minist\u00e9rio de Rela\u00e7\u00f5es Exteriores (MRE) desde segunda-feira (22). Hoje, pedem mais uma vez o apoio do ministro Jos\u00e9 Serra<\/p>\n<p>No exterior, diversos postos j\u00e1 aderiram \u00e0 greve organizada pelo Sindicato Nacional dos Servidores do Minist\u00e9rio das Rela\u00e7\u00f5es Exteriores (Sinditamaraty). A categoria reivindica a equipara\u00e7\u00e3o salarial do Servi\u00e7o Exterior Brasileiro \u00e0s demais carreiras t\u00edpicas de Estado.<\/p>\n<p>Nesta ter\u00e7a-feira (23), os servidores se concentraram, desde as 14h30 na portaria do Anexo 2 (Bolo de Noiva), para participar de ato de manifesta\u00e7\u00e3o em frente ao Pal\u00e1cio do Itamaraty \u00e0s 15h30min, hor\u00e1rio de Bras\u00edlia.<\/p>\n<p>Estudo do sindicato, que comparou a remunera\u00e7\u00e3o das carreiras do Servi\u00e7o Exterior Brasileiro (SEB) e de outras carreiras t\u00edpicas de Estado, revelou uma defasagem m\u00e9dia de 28,48% no caso de assistente de chancelaria; 31,88%, no caso de oficial de chancelaria e 7,11% no caso de diplomatas.<\/p>\n<p>Segundo a presidente do Sinditamaraty, Suellen Paz, as carreiras de chancelaria, especialmente, recebem os menores subs\u00eddios da Esplanada. \u201cA valoriza\u00e7\u00e3o da institui\u00e7\u00e3o passa pela valoriza\u00e7\u00e3o dos servidores. A percep\u00e7\u00e3o dos servidores \u00e9 que a falta de vontade pol\u00edtica de se resolver o problema sugere a desvaloriza\u00e7\u00e3o da institui\u00e7\u00e3o como um todo\u201d.<\/p>\n<p><strong>Recomposi\u00e7\u00e3o salarial reivindicada pelos servidores<\/strong><\/p>\n<p>\u2022 subs\u00eddio inicial de R$ 7.284,89 e final de R$ 12.517,16 para assistentes de chancelaria;<br \/>\n\u2022subs\u00eddio inicial de R$ 21.644,81 e final de R$ 28.890,13 para diplomatas;<br \/>\n\u2022 subs\u00eddio inicial de R$ 14.380,72 e final de R$ 20.713,63 para oficiais de chancelaria.<\/p>\n","protected":false},"excerpt":{"rendered":"<p>&nbsp; Servidores do Itamaraty fazem protesto nos corredores do Minist\u00e9rio de Rela\u00e7\u00f5es Exteriores (MRE) desde segunda-feira (22). Hoje, pedem mais uma vez o apoio do ministro Jos\u00e9 Serra No exterior, diversos postos j\u00e1 aderiram \u00e0 greve organizada pelo Sindicato Nacional dos Servidores do Minist\u00e9rio das Rela\u00e7\u00f5es Exteriores (Sinditamaraty). A categoria reivindica a equipara\u00e7\u00e3o salarial do Servi\u00e7o Exterior Brasileiro \u00e0s demais [&hellip;]<\/p>\n","protected":false},"author":27,"featured_media":0,"comment_status":"open","ping_status":"closed","sticky":false,"template":"","format":"standard","meta":{"footnotes":""},"categories":[2719],"tags":[3427,55,77,56,3385,1869,2463,35,2126,3428,63,3366,58],"class_list":["post-2753","post","type-post","status-publish","format-standard","hentry","category-servidor","tag-acampam","tag-carreiras","tag-defasagem","tag-estado","tag-gabinete","tag-itamaraty","tag-jose-serra","tag-ministro","tag-mre","tag-porta","tag-reajuste","tag-seb","tag-servidores"],"_links":{"self":[{"href":"https:\/\/blogs.correiobraziliense.com.br\/servidor\/wp-json\/wp\/v2\/posts\/2753","targetHints":{"allow":["GET"]}}],"collection":[{"href":"https:\/\/blogs.correiobraziliense.com.br\/servidor\/wp-json\/wp\/v2\/posts"}],"about":[{"href":"https:\/\/blogs.correiobraziliense.com.br\/servidor\/wp-json\/wp\/v2\/types\/post"}],"author":[{"embeddable":true,"href":"https:\/\/blogs.correiobraziliense.com.br\/servidor\/wp-json\/wp\/v2\/users\/27"}],"replies":[{"embeddable":true,"href":"https:\/\/blogs.correiobraziliense.com.br\/servidor\/wp-json\/wp\/v2\/comments?post=2753"}],"version-history":[{"count":2,"href":"https:\/\/blogs.correiobraziliense.com.br\/servidor\/wp-json\/wp\/v2\/posts\/2753\/revisions"}],"predecessor-version":[{"id":2757,"href":"https:\/\/blogs.correiobraziliense.com.br\/servidor\/wp-json\/wp\/v2\/posts\/2753\/revisions\/2757"}],"wp:attachment":[{"href":"https:\/\/blogs.correiobraziliense.com.br\/servidor\/wp-json\/wp\/v2\/media?parent=2753"}],"wp:term":[{"taxonomy":"category","embeddable":true,"href":"https:\/\/blogs.correiobraziliense.com.br\/servidor\/wp-json\/wp\/v2\/categories?post=2753"},{"taxonomy":"post_tag","embeddable":true,"href":"https:\/\/blogs.correiobraziliense.com.br\/servidor\/wp-json\/wp\/v2\/tags?post=2753"}],"curies":[{"name":"wp","href":"https:\/\/api.w.org\/{rel}","templated":true}]}}