{"id":2751,"date":"2016-08-23T15:33:46","date_gmt":"2016-08-23T18:33:46","guid":{"rendered":"https:\/\/blogs.correiobraziliense.com.br\/servidor\/?p=2751"},"modified":"2016-08-23T15:33:46","modified_gmt":"2016-08-23T18:33:46","slug":"brasil-100-digital-estimula-o-uso-de-novas-tecnologias-para-o-controle-de-gastos-publicos","status":"publish","type":"post","link":"https:\/\/blogs.correiobraziliense.com.br\/servidor\/brasil-100-digital-estimula-o-uso-de-novas-tecnologias-para-o-controle-de-gastos-publicos\/","title":{"rendered":"Brasil 100% digital estimula o uso de novas tecnologias  para o controle de gastos p\u00fablicos"},"content":{"rendered":"<p><em>O Tribunal de Contas da Uni\u00e3o (TCU) e o Minist\u00e9rio da Transpar\u00eancia, Fiscaliza\u00e7\u00e3o e Controle (CGU) realizam, nos dias 25 e 26 de agosto, a segunda edi\u00e7\u00e3o do Semin\u00e1rio Brasil 100% Digital &#8211; An\u00e1lise de dados na Administra\u00e7\u00e3o P\u00fablica<\/em><\/p>\n<p>Diante doe cen\u00e1rio atual, em que os avan\u00e7os tecnol\u00f3gicos e as ferramentas digitais s\u00e3o cada vez mais usados nas auditorias, no controle de gastos e na produ\u00e7\u00e3o e an\u00e1lise de dados das institui\u00e7\u00f5es p\u00fablicas do pa\u00eds, o TCU e a CGU tomaram a iniciativa de analisar o resultado conjunto do uso desses instrumento para a moderniza\u00e7\u00e3o da atividade p\u00fablica.<\/p>\n<p>A partir de chamada p\u00fablica, que resultou em 70 inscri\u00e7\u00f5es de todo o pa\u00eds, o TCU selecionou 30 trabalhos que ser\u00e3o apresentados durante o encontro. O prop\u00f3sito \u00e9 a troca de experi\u00eancias relacionadas ao uso de t\u00e9cnicas avan\u00e7adas de an\u00e1lise de dados como instrumento para melhoria da gest\u00e3o e do controle da aplica\u00e7\u00e3o de pol\u00edticas p\u00fablicas.<\/p>\n<p>O encontro vai reunir representantes de institui\u00e7\u00f5es de controle, de entidades da administra\u00e7\u00e3o direta e indireta, bem como do meio acad\u00eamico e do terceiro setor, que tenham interesse em apresentar casos pr\u00e1ticos e respectivos resultados, envolvendo a an\u00e1lise de dados de governo das esferas federal, estadual e municipal.<\/p>\n<p>Espera-se que os debates contribuam para que as institui\u00e7\u00f5es participantes iniciem ou intensifiquem a ado\u00e7\u00e3o de tais t\u00e9cnicas, de modo a obter maior efici\u00eancia e efetividade em suas atividades.<\/p>\n<p><u>Servi\u00e7o<\/u><\/p>\n<p>25 e 26 de agosto de 2016<br \/>\nDe 9h \u00e0s 18h<\/p>\n<p>Audit\u00f3rio Ministro Pereira Lira<br \/>\nTribunal de Contas da Uni\u00e3o<br \/>\nBras\u00edlia \u2013 DF<\/p>\n","protected":false},"excerpt":{"rendered":"<p>O Tribunal de Contas da Uni\u00e3o (TCU) e o Minist\u00e9rio da Transpar\u00eancia, Fiscaliza\u00e7\u00e3o e Controle (CGU) realizam, nos dias 25 e 26 de agosto, a segunda edi\u00e7\u00e3o do Semin\u00e1rio Brasil 100% Digital &#8211; An\u00e1lise de dados na Administra\u00e7\u00e3o P\u00fablica Diante doe cen\u00e1rio atual, em que os avan\u00e7os tecnol\u00f3gicos e as ferramentas digitais s\u00e3o cada vez mais usados nas auditorias, no [&hellip;]<\/p>\n","protected":false},"author":27,"featured_media":0,"comment_status":"open","ping_status":"closed","sticky":false,"template":"","format":"standard","meta":{"footnotes":""},"categories":[2719],"tags":[164,2035,207,87,3425,1169,1474,24,635,3426,362],"class_list":["post-2751","post","type-post","status-publish","format-standard","hentry","category-servidor","tag-brasil","tag-cgu","tag-controle","tag-digital","tag-estimula","tag-gastos","tag-novas","tag-publicos","tag-tcu","tag-tecnologias","tag-uso"],"_links":{"self":[{"href":"https:\/\/blogs.correiobraziliense.com.br\/servidor\/wp-json\/wp\/v2\/posts\/2751","targetHints":{"allow":["GET"]}}],"collection":[{"href":"https:\/\/blogs.correiobraziliense.com.br\/servidor\/wp-json\/wp\/v2\/posts"}],"about":[{"href":"https:\/\/blogs.correiobraziliense.com.br\/servidor\/wp-json\/wp\/v2\/types\/post"}],"author":[{"embeddable":true,"href":"https:\/\/blogs.correiobraziliense.com.br\/servidor\/wp-json\/wp\/v2\/users\/27"}],"replies":[{"embeddable":true,"href":"https:\/\/blogs.correiobraziliense.com.br\/servidor\/wp-json\/wp\/v2\/comments?post=2751"}],"version-history":[{"count":1,"href":"https:\/\/blogs.correiobraziliense.com.br\/servidor\/wp-json\/wp\/v2\/posts\/2751\/revisions"}],"predecessor-version":[{"id":2752,"href":"https:\/\/blogs.correiobraziliense.com.br\/servidor\/wp-json\/wp\/v2\/posts\/2751\/revisions\/2752"}],"wp:attachment":[{"href":"https:\/\/blogs.correiobraziliense.com.br\/servidor\/wp-json\/wp\/v2\/media?parent=2751"}],"wp:term":[{"taxonomy":"category","embeddable":true,"href":"https:\/\/blogs.correiobraziliense.com.br\/servidor\/wp-json\/wp\/v2\/categories?post=2751"},{"taxonomy":"post_tag","embeddable":true,"href":"https:\/\/blogs.correiobraziliense.com.br\/servidor\/wp-json\/wp\/v2\/tags?post=2751"}],"curies":[{"name":"wp","href":"https:\/\/api.w.org\/{rel}","templated":true}]}}