{"id":2742,"date":"2016-08-22T21:19:02","date_gmt":"2016-08-23T00:19:02","guid":{"rendered":"https:\/\/blogs.correiobraziliense.com.br\/servidor\/?p=2742"},"modified":"2016-08-22T21:19:02","modified_gmt":"2016-08-23T00:19:02","slug":"juizes-acompanharao-audiencias-no-congresso-sobre-pls-2802016-e-fim-do-foro-privilegiado","status":"publish","type":"post","link":"https:\/\/blogs.correiobraziliense.com.br\/servidor\/juizes-acompanharao-audiencias-no-congresso-sobre-pls-2802016-e-fim-do-foro-privilegiado\/","title":{"rendered":"Ju\u00edzes acompanhar\u00e3o audi\u00eancias no Congresso sobre PLS 280\/2016 e fim do foro privilegiado"},"content":{"rendered":"<p><em>O presidente da Associa\u00e7\u00e3o dos Ju\u00edzes Federais do Brasil (Ajufe), Roberto Veloso, participar\u00e1, nesta ter\u00e7a-feira (23), de duas audi\u00eancia p\u00fablicas no Congresso Nacional.<\/em><\/p>\n<p>A primeira, na Comiss\u00e3o de Direitos Humanos e Legisla\u00e7\u00e3o Participativa (CDH) do Senado Federal, tratar\u00e1 do projeto que altera a Lei do Abuso de Autoridade (PLS 280\/2016). O segundo encontro, na Comiss\u00e3o de Constitui\u00e7\u00e3o e Justi\u00e7a e de Cidadania (CCJC) da C\u00e2mara dos Deputados, vai abordar a prerrogativa do foro privilegiado de autoridades p\u00fablicas.<\/p>\n<p>O PLS 280\/2016, relatado pelo senador Romero Juc\u00e1 (PMDB-RR), tramita na Comiss\u00e3o de Consolida\u00e7\u00e3o da Legisla\u00e7\u00e3o Federal e Regulamenta\u00e7\u00e3o da Constitui\u00e7\u00e3o. Na semana passada, a Ajufe entregou ao colegiado as mais de 73 mil assinaturas colhidas contra a proposi\u00e7\u00e3o por meio de peti\u00e7\u00e3o online.<\/p>\n<p>Os cidad\u00e3os poder\u00e3o participar por meio do link:<a href=\"http:\/\/www.ajufe.org\/ilionnet\/%20http:\/bit.ly\/audienciainterativa.\" target=\"_blank\"> http:\/\/bit.ly\/audienciainterativa.<\/a><\/p>\n<p>J\u00e1 a reuni\u00e3o da C\u00e2mara dos Deputados tem como objetivo o debate entre cidad\u00e3os, parlamentares e entidades representativas do Poder Judici\u00e1rio a respeito das onze Propostas de Emendas \u00e0 Constitui\u00e7\u00e3o (PECs) que versam sobre a extin\u00e7\u00e3o ou altera\u00e7\u00e3o do foro privilegiado de autoridades p\u00fablicas.<\/p>\n<p>O debate tamb\u00e9m ser\u00e1 aberto \u00e0 participa\u00e7\u00e3o popular e as perguntas poder\u00e3o ser enviadas aos debatedores por meio do site <a href=\"http:\/\/www.ajufe.org\/ilionnet\/democracia.leg.br.\" target=\"_blank\">edemocracia.leg.br.<\/a><\/p>\n<p><strong>Audi\u00eancia p\u00fablica sobre o PLS 280\/2016<\/strong><\/p>\n<p>Local: Sala 2 da Ala Senador Nilo Coelho \u2013 Senado Federal \u2013\u00a0 Comiss\u00e3o de Direitos Humanos e Legisla\u00e7\u00e3o Participativa (CDH)<\/p>\n<p>Data: Ter\u00e7a-feira, 23 de agosto de 2016<\/p>\n<p>Hor\u00e1rio: 9h<\/p>\n<p><strong>Audi\u00eancia p\u00fablica sobre o foro privilegiado<\/strong><\/p>\n<p>Local: Anexo II da C\u00e2mara dos Deputados, Plen\u00e1rio 1 \u2013 Comiss\u00e3o de Constitui\u00e7\u00e3o e Justi\u00e7a e de Cidadania (CCJC)<\/p>\n<p>Data: Ter\u00e7a-feira, 23 de agosto de 2016<\/p>\n<p>Hor\u00e1rio: 14h30<\/p>\n","protected":false},"excerpt":{"rendered":"<p>O presidente da Associa\u00e7\u00e3o dos Ju\u00edzes Federais do Brasil (Ajufe), Roberto Veloso, participar\u00e1, nesta ter\u00e7a-feira (23), de duas audi\u00eancia p\u00fablicas no Congresso Nacional. A primeira, na Comiss\u00e3o de Direitos Humanos e Legisla\u00e7\u00e3o Participativa (CDH) do Senado Federal, tratar\u00e1 do projeto que altera a Lei do Abuso de Autoridade (PLS 280\/2016). O segundo encontro, na Comiss\u00e3o de Constitui\u00e7\u00e3o e Justi\u00e7a e [&hellip;]<\/p>\n","protected":false},"author":27,"featured_media":0,"comment_status":"open","ping_status":"closed","sticky":false,"template":"","format":"standard","meta":{"footnotes":""},"categories":[2719],"tags":[3417,1405,3418,100,105,1814,344,3419,1815],"class_list":["post-2742","post","type-post","status-publish","format-standard","hentry","category-servidor","tag-acompanham","tag-ajufe","tag-audiencias","tag-congresso","tag-fim","tag-foro","tag-juizes","tag-pls-2802016","tag-privilegiado"],"_links":{"self":[{"href":"https:\/\/blogs.correiobraziliense.com.br\/servidor\/wp-json\/wp\/v2\/posts\/2742","targetHints":{"allow":["GET"]}}],"collection":[{"href":"https:\/\/blogs.correiobraziliense.com.br\/servidor\/wp-json\/wp\/v2\/posts"}],"about":[{"href":"https:\/\/blogs.correiobraziliense.com.br\/servidor\/wp-json\/wp\/v2\/types\/post"}],"author":[{"embeddable":true,"href":"https:\/\/blogs.correiobraziliense.com.br\/servidor\/wp-json\/wp\/v2\/users\/27"}],"replies":[{"embeddable":true,"href":"https:\/\/blogs.correiobraziliense.com.br\/servidor\/wp-json\/wp\/v2\/comments?post=2742"}],"version-history":[{"count":1,"href":"https:\/\/blogs.correiobraziliense.com.br\/servidor\/wp-json\/wp\/v2\/posts\/2742\/revisions"}],"predecessor-version":[{"id":2743,"href":"https:\/\/blogs.correiobraziliense.com.br\/servidor\/wp-json\/wp\/v2\/posts\/2742\/revisions\/2743"}],"wp:attachment":[{"href":"https:\/\/blogs.correiobraziliense.com.br\/servidor\/wp-json\/wp\/v2\/media?parent=2742"}],"wp:term":[{"taxonomy":"category","embeddable":true,"href":"https:\/\/blogs.correiobraziliense.com.br\/servidor\/wp-json\/wp\/v2\/categories?post=2742"},{"taxonomy":"post_tag","embeddable":true,"href":"https:\/\/blogs.correiobraziliense.com.br\/servidor\/wp-json\/wp\/v2\/tags?post=2742"}],"curies":[{"name":"wp","href":"https:\/\/api.w.org\/{rel}","templated":true}]}}