{"id":2740,"date":"2016-08-22T18:06:35","date_gmt":"2016-08-22T21:06:35","guid":{"rendered":"https:\/\/blogs.correiobraziliense.com.br\/servidor\/?p=2740"},"modified":"2016-08-22T18:06:35","modified_gmt":"2016-08-22T21:06:35","slug":"com-adesao-no-brasil-e-no-exterior-servidores-do-itamaraty-entram-em-greve","status":"publish","type":"post","link":"https:\/\/blogs.correiobraziliense.com.br\/servidor\/com-adesao-no-brasil-e-no-exterior-servidores-do-itamaraty-entram-em-greve\/","title":{"rendered":"Com ades\u00e3o no Brasil e no exterior, servidores do Itamaraty entram em greve"},"content":{"rendered":"<p>Com ades\u00e3o no Brasil e no exterior, servidores do Itamaraty entraram em greve por tempo indeterminado \u00e0s 12h desta segunda-feira (22). A categoria reivindica a equipara\u00e7\u00e3o salarial do Servi\u00e7o Exterior Brasileiro \u00e0s demais carreiras t\u00edpicas de Estado. Nesta ter\u00e7a-feira (23), os servidores participam de ato de manifesta\u00e7\u00e3o em frente ao Pal\u00e1cio do Itamaraty \u00e0s 15h30min, hor\u00e1rio de Bras\u00edlia.<\/p>\n<p>Um balan\u00e7o com o n\u00famero de postos que aderiram ao movimento grevista convocado pelo Sindicato Nacional dos Servidores das Rela\u00e7\u00f5es Exteriores (Sinditamaraty) ser\u00e1 divulgado na tarde desta ter\u00e7a-feira (23).<\/p>\n<p>Em reuni\u00e3o com a administra\u00e7\u00e3o do Itamaraty, nesta segunda-feira (22), o Comando de Greve do sindicato acordou em manter 30% do efetivo de servidores nas tarefas consideradas essenciais. Ainda assim, segundo o sindicato, poder\u00e3o ser afetados servi\u00e7os como legaliza\u00e7\u00e3o de documentos, assist\u00eancia consular e emiss\u00e3o de passaportes e vistos, por exemplo.<\/p>\n<p>A greve \u00e9 motivada pelos fracassos nas negocia\u00e7\u00f5es salariais com o Minist\u00e9rio do Planejamento Desenvolvimento e Gest\u00e3o, iniciadas em mar\u00e7o de 2015, que reiteradamente ofereceu a proposta de reajuste de 27,9%. A proposta foi votada e recha\u00e7ada pelos servidores em, pelo menos, tr\u00eas oportunidades, pois n\u00e3o corrige a defasagem acumulada desde 2008 em m\u00e9dia de 28,48% no caso de assistente de chancelaria; 31,88%, no caso de oficial de chancelaria e 7,11% no caso de diplomatas.<\/p>\n<p>Desde a posse do ministro Jos\u00e9 Serra, o sindicato tem feito repetidos pedidos de audi\u00eancia, sem retorno. O impasse, criado pela falta de di\u00e1logo com os interlocutores do Itamaraty, j\u00e1 rendeu uma paralisa\u00e7\u00e3o em 23 de junho passad.<\/p>\n<p><strong>\u00a0Recomposi\u00e7\u00e3o salarial reivindicada pelos servidores\u00a0<\/strong><\/p>\n<ul>\n<li>subs\u00eddio inicial de R$ 7.284,89 e final de R$ 12.517,16 para assistentes de chancelaria;<\/li>\n<li>subs\u00eddio inicial de R$ 21.644,81 e final de R$ 28.890,13 para diplomatas;<\/li>\n<li>subs\u00eddio inicial de R$ 14.380,72 e final de R$ 20.713,63 para oficiais de chancelaria.<\/li>\n<\/ul>\n","protected":false},"excerpt":{"rendered":"<p>Com ades\u00e3o no Brasil e no exterior, servidores do Itamaraty entraram em greve por tempo indeterminado \u00e0s 12h desta segunda-feira (22). A categoria reivindica a equipara\u00e7\u00e3o salarial do Servi\u00e7o Exterior Brasileiro \u00e0s demais carreiras t\u00edpicas de Estado. Nesta ter\u00e7a-feira (23), os servidores participam de ato de manifesta\u00e7\u00e3o em frente ao Pal\u00e1cio do Itamaraty \u00e0s 15h30min, hor\u00e1rio de Bras\u00edlia. Um balan\u00e7o [&hellip;]<\/p>\n","protected":false},"author":27,"featured_media":0,"comment_status":"open","ping_status":"closed","sticky":false,"template":"","format":"standard","meta":{"footnotes":""},"categories":[2719],"tags":[474,164,55,2436,1371,56,580,15,1869,58],"class_list":["post-2740","post","type-post","status-publish","format-standard","hentry","category-servidor","tag-adesao","tag-brasil","tag-carreiras","tag-entram","tag-equiparacao","tag-estado","tag-exterior","tag-greve","tag-itamaraty","tag-servidores"],"_links":{"self":[{"href":"https:\/\/blogs.correiobraziliense.com.br\/servidor\/wp-json\/wp\/v2\/posts\/2740","targetHints":{"allow":["GET"]}}],"collection":[{"href":"https:\/\/blogs.correiobraziliense.com.br\/servidor\/wp-json\/wp\/v2\/posts"}],"about":[{"href":"https:\/\/blogs.correiobraziliense.com.br\/servidor\/wp-json\/wp\/v2\/types\/post"}],"author":[{"embeddable":true,"href":"https:\/\/blogs.correiobraziliense.com.br\/servidor\/wp-json\/wp\/v2\/users\/27"}],"replies":[{"embeddable":true,"href":"https:\/\/blogs.correiobraziliense.com.br\/servidor\/wp-json\/wp\/v2\/comments?post=2740"}],"version-history":[{"count":1,"href":"https:\/\/blogs.correiobraziliense.com.br\/servidor\/wp-json\/wp\/v2\/posts\/2740\/revisions"}],"predecessor-version":[{"id":2741,"href":"https:\/\/blogs.correiobraziliense.com.br\/servidor\/wp-json\/wp\/v2\/posts\/2740\/revisions\/2741"}],"wp:attachment":[{"href":"https:\/\/blogs.correiobraziliense.com.br\/servidor\/wp-json\/wp\/v2\/media?parent=2740"}],"wp:term":[{"taxonomy":"category","embeddable":true,"href":"https:\/\/blogs.correiobraziliense.com.br\/servidor\/wp-json\/wp\/v2\/categories?post=2740"},{"taxonomy":"post_tag","embeddable":true,"href":"https:\/\/blogs.correiobraziliense.com.br\/servidor\/wp-json\/wp\/v2\/tags?post=2740"}],"curies":[{"name":"wp","href":"https:\/\/api.w.org\/{rel}","templated":true}]}}