{"id":2735,"date":"2016-08-22T11:48:44","date_gmt":"2016-08-22T14:48:44","guid":{"rendered":"https:\/\/blogs.correiobraziliense.com.br\/servidor\/?p=2735"},"modified":"2016-08-22T11:48:44","modified_gmt":"2016-08-22T14:48:44","slug":"frente-em-defesa-do-fisco-sera-lancada-amanha-na-camara","status":"publish","type":"post","link":"https:\/\/blogs.correiobraziliense.com.br\/servidor\/frente-em-defesa-do-fisco-sera-lancada-amanha-na-camara\/","title":{"rendered":"Frente em Defesa do Fisco ser\u00e1 lan\u00e7ada amanh\u00e3, na C\u00e2mara"},"content":{"rendered":"<p>Com o objetivo de discutir quest\u00f5es relacionadas \u00e0 administra\u00e7\u00e3o tribut\u00e1ria, como autonomia e prerrogativas dos fiscos, a Frente Parlamentar em Defesa do Fisco ser\u00e1 lan\u00e7ada amanh\u00e3 (23\/08) na C\u00e2mara dos Deputados. A coaliz\u00e3o j\u00e1 conta hoje com 232 parlamentares e tem o apoio do Sindicato Nacional dos Auditores Fiscais da Receita Federal (Sindifisco Nacional), preocupado com a deteriora\u00e7\u00e3o das condi\u00e7\u00f5es de trabalho e cerceamento \u00e0 atua\u00e7\u00e3o da categoria.<\/p>\n<p>A Frente, criada por requerimento do deputado Cabo Sabino (PR-CE) \u2013 que tamb\u00e9m \u00e9 o presidente \u2013, foi instalada em 10 de mar\u00e7o. Os auditores auxiliaram auxiliaram na formata\u00e7\u00e3o do grupo, com o intuito de fortalecer as administra\u00e7\u00f5es tribut\u00e1rias estaduais, do Distrito Federal e da Uni\u00e3o. Uma das propostas \u00e9 a discuss\u00e3o no Congresso, nas assembleias legislativas e C\u00e2mara Legislativa, aproximando deputados federais, estaduais e distritais com os fiscais.<\/p>\n<p>Tais debates s\u00e3o, na compreens\u00e3o do Sindifisco Nacional, fundamentais para o aperfei\u00e7oamento da tributa\u00e7\u00e3o brasileira, tornando-a mais equilibrada e igualit\u00e1ria.<\/p>\n<p>\u201cMuito se fala na necessidade de uma reforma tribut\u00e1ria, mas falta ouvir a administra\u00e7\u00e3o tribut\u00e1ria e os auditores fiscais nessa discuss\u00e3o. A Frente tem esse objetivo: fortalecer a administra\u00e7\u00e3o tribut\u00e1ria, ao mesmo tempo em que discutir\u00e1 temas importantes para o pa\u00eds\u201d, destacou Cl\u00e1udio Damasceno, presidente do Sindifisco Nacional.<\/p>\n<p><strong><u>Servi\u00e7o<\/u><\/strong><\/p>\n<p><strong>O qu\u00ea?<\/strong>\u00a0\u2013 Lan\u00e7amento da\u00a0<a href=\"http:\/\/www.sindifisconacional.org.br\/mod_download.php?id=aW1hZ2VzL3B1YmxpY2Fjb2VzL2JvbGV0aW5zLzIwMTYvMDgtYWdvc3RvL0JvbDE3MTIvY29udml0ZV9mcmVudGVfcGFybGFtZW50YXIucGRmfDQyOTUyMA==\" target=\"_blank\">Frente Parlamentar em Defesa do Fisco<\/a><\/p>\n<p><b>Quando?<\/b> \u2013 Amanh\u00e3, 23 de agosto, \u00e0s 8h30<\/p>\n<p><b>Onde?<\/b> \u2013 Audit\u00f3rio Nereu Ramos, C\u00e2mara dos Deputados, Bras\u00edlia<\/p>\n","protected":false},"excerpt":{"rendered":"<p>Com o objetivo de discutir quest\u00f5es relacionadas \u00e0 administra\u00e7\u00e3o tribut\u00e1ria, como autonomia e prerrogativas dos fiscos, a Frente Parlamentar em Defesa do Fisco ser\u00e1 lan\u00e7ada amanh\u00e3 (23\/08) na C\u00e2mara dos Deputados. A coaliz\u00e3o j\u00e1 conta hoje com 232 parlamentares e tem o apoio do Sindicato Nacional dos Auditores Fiscais da Receita Federal (Sindifisco Nacional), preocupado com a deteriora\u00e7\u00e3o das condi\u00e7\u00f5es [&hellip;]<\/p>\n","protected":false},"author":27,"featured_media":0,"comment_status":"open","ping_status":"closed","sticky":false,"template":"","format":"standard","meta":{"footnotes":""},"categories":[2719],"tags":[1191,1308,61,1201,247,3412,2013,268,1309,1307],"class_list":["post-2735","post","type-post","status-publish","format-standard","hentry","category-servidor","tag-administracao","tag-autonomia","tag-camara","tag-defesa","tag-fisco","tag-frente-paralamentar","tag-lancada","tag-parlamentares","tag-prerrogativas","tag-tributaria"],"_links":{"self":[{"href":"https:\/\/blogs.correiobraziliense.com.br\/servidor\/wp-json\/wp\/v2\/posts\/2735","targetHints":{"allow":["GET"]}}],"collection":[{"href":"https:\/\/blogs.correiobraziliense.com.br\/servidor\/wp-json\/wp\/v2\/posts"}],"about":[{"href":"https:\/\/blogs.correiobraziliense.com.br\/servidor\/wp-json\/wp\/v2\/types\/post"}],"author":[{"embeddable":true,"href":"https:\/\/blogs.correiobraziliense.com.br\/servidor\/wp-json\/wp\/v2\/users\/27"}],"replies":[{"embeddable":true,"href":"https:\/\/blogs.correiobraziliense.com.br\/servidor\/wp-json\/wp\/v2\/comments?post=2735"}],"version-history":[{"count":1,"href":"https:\/\/blogs.correiobraziliense.com.br\/servidor\/wp-json\/wp\/v2\/posts\/2735\/revisions"}],"predecessor-version":[{"id":2736,"href":"https:\/\/blogs.correiobraziliense.com.br\/servidor\/wp-json\/wp\/v2\/posts\/2735\/revisions\/2736"}],"wp:attachment":[{"href":"https:\/\/blogs.correiobraziliense.com.br\/servidor\/wp-json\/wp\/v2\/media?parent=2735"}],"wp:term":[{"taxonomy":"category","embeddable":true,"href":"https:\/\/blogs.correiobraziliense.com.br\/servidor\/wp-json\/wp\/v2\/categories?post=2735"},{"taxonomy":"post_tag","embeddable":true,"href":"https:\/\/blogs.correiobraziliense.com.br\/servidor\/wp-json\/wp\/v2\/tags?post=2735"}],"curies":[{"name":"wp","href":"https:\/\/api.w.org\/{rel}","templated":true}]}}