{"id":2722,"date":"2016-08-18T15:09:19","date_gmt":"2016-08-18T18:09:19","guid":{"rendered":"https:\/\/blogs.correiobraziliense.com.br\/servidor\/?p=2722"},"modified":"2016-08-18T15:09:19","modified_gmt":"2016-08-18T18:09:19","slug":"servidores-do-tesouro-voltam-pressionar-meirelles","status":"publish","type":"post","link":"https:\/\/blogs.correiobraziliense.com.br\/servidor\/servidores-do-tesouro-voltam-pressionar-meirelles\/","title":{"rendered":"Servidores do Tesouro voltam a pressionar Meirelles"},"content":{"rendered":"<p><em>A partir das 15 horas, funcion\u00e1rios do Tesouro Nacional e da CGU v\u00e3o bater \u00e0 porta do gabinete do ministro da Fazenda, Henrique Meirelles, para exigir que o governo cumpra o acordo salarial assinado no final do ano passado. Movimento tem a ades\u00e3o dos gerentes, que j\u00e1 entregaram os cargos de de chefia. <\/em><\/p>\n<p>Desde quando os protestos dos servidores come\u00e7aram, a rotina operacional da Secretaria do Tesouro Nacional (STN) foi afetada. O Tesouro Direto, programa de compra e venda de t\u00edtulos p\u00fablicos, ficou sem funcionar ontem, pela primeira vez na hist\u00f3ria. Os leil\u00f5es de recompra de t\u00edtulos foram suspensos. Segundo a Unacon Sindical, o Relat\u00f3rio Mensal da D\u00edvida, que marcado para ser divulgado no pr\u00f3ximo dia 24, vai atrasar, devido \u00e0 greve dos servidores. O Relat\u00f3rio do Tesouro que deveria sair dia 25 tamb\u00e9m dever\u00e1 ser adiado. E as opera\u00e7\u00f5es de cr\u00e9dito est\u00e3o atrasadas &#8211; o repasse de recursos a estados e munic\u00edpios.<\/p>\n<p>Ontem, os auditores (AFFC) e t\u00e9cnicos federais de finan\u00e7as e controle (TFFC) aprovaram nesta quarta-feira paralisa\u00e7\u00e3o total por dois dias. As atividades da Controladoria-Geral da Uni\u00e3o (CGU) e da Secretaria do Tesouro Nacional (STN) est\u00e3o afetadas nesses per\u00edodo (18 e 19 de agosto). O encaminhamento foi apreciado entre os dias 15, 16 e 17 de agosto, em assembleia nacional.\u00a0 A paralisa\u00e7\u00e3o venceu com 92%\u00a0dos votos do Distrito Federal (DF) e dos estados. Tamb\u00e9m foi aprovada uma opera\u00e7\u00e3o-padr\u00e3o com in\u00edcio imediato, por 85% dos votantes.<\/p>\n<p>&nbsp;<\/p>\n","protected":false},"excerpt":{"rendered":"<p>A partir das 15 horas, funcion\u00e1rios do Tesouro Nacional e da CGU v\u00e3o bater \u00e0 porta do gabinete do ministro da Fazenda, Henrique Meirelles, para exigir que o governo cumpra o acordo salarial assinado no final do ano passado. Movimento tem a ades\u00e3o dos gerentes, que j\u00e1 entregaram os cargos de de chefia. Desde quando os protestos dos servidores come\u00e7aram, [&hellip;]<\/p>\n","protected":false},"author":27,"featured_media":0,"comment_status":"open","ping_status":"closed","sticky":false,"template":"","format":"standard","meta":{"footnotes":""},"categories":[2719],"tags":[2035,2570,302,15,2111,35,2765,2385,58,964,303],"class_list":["post-2722","post","type-post","status-publish","format-standard","hentry","category-servidor","tag-cgu","tag-dias","tag-fazenda","tag-greve","tag-meirelles","tag-ministro","tag-operacao-padrao","tag-pressionar","tag-servidores","tag-tesouro","tag-unacon"],"_links":{"self":[{"href":"https:\/\/blogs.correiobraziliense.com.br\/servidor\/wp-json\/wp\/v2\/posts\/2722","targetHints":{"allow":["GET"]}}],"collection":[{"href":"https:\/\/blogs.correiobraziliense.com.br\/servidor\/wp-json\/wp\/v2\/posts"}],"about":[{"href":"https:\/\/blogs.correiobraziliense.com.br\/servidor\/wp-json\/wp\/v2\/types\/post"}],"author":[{"embeddable":true,"href":"https:\/\/blogs.correiobraziliense.com.br\/servidor\/wp-json\/wp\/v2\/users\/27"}],"replies":[{"embeddable":true,"href":"https:\/\/blogs.correiobraziliense.com.br\/servidor\/wp-json\/wp\/v2\/comments?post=2722"}],"version-history":[{"count":1,"href":"https:\/\/blogs.correiobraziliense.com.br\/servidor\/wp-json\/wp\/v2\/posts\/2722\/revisions"}],"predecessor-version":[{"id":2723,"href":"https:\/\/blogs.correiobraziliense.com.br\/servidor\/wp-json\/wp\/v2\/posts\/2722\/revisions\/2723"}],"wp:attachment":[{"href":"https:\/\/blogs.correiobraziliense.com.br\/servidor\/wp-json\/wp\/v2\/media?parent=2722"}],"wp:term":[{"taxonomy":"category","embeddable":true,"href":"https:\/\/blogs.correiobraziliense.com.br\/servidor\/wp-json\/wp\/v2\/categories?post=2722"},{"taxonomy":"post_tag","embeddable":true,"href":"https:\/\/blogs.correiobraziliense.com.br\/servidor\/wp-json\/wp\/v2\/tags?post=2722"}],"curies":[{"name":"wp","href":"https:\/\/api.w.org\/{rel}","templated":true}]}}