{"id":2720,"date":"2016-08-18T14:19:31","date_gmt":"2016-08-18T17:19:31","guid":{"rendered":"https:\/\/blogs.correiobraziliense.com.br\/servidor\/?p=2720"},"modified":"2016-08-18T14:19:31","modified_gmt":"2016-08-18T17:19:31","slug":"secretario-da-fazenda-de-sp-agride-funcionalismo-publico-nacional","status":"publish","type":"post","link":"https:\/\/blogs.correiobraziliense.com.br\/servidor\/secretario-da-fazenda-de-sp-agride-funcionalismo-publico-nacional\/","title":{"rendered":"Secret\u00e1rio da Fazenda de SP \u201cagride\u201d funcionalismo p\u00fablico nacional"},"content":{"rendered":"<p><i>Auditores fiscais da Receita Estadual repudiam declara\u00e7\u00f5es do Secret\u00e1rio da Fazenda em nome de toda a classe de servidores p\u00fablicos federais, estaduais e municipais<\/i><\/p>\n<p>Neste s\u00e1bado (13), o secret\u00e1rio da Fazenda do Estado de S\u00e3o Paulo, Renato Villela, em entrevista ao Programa Painel da Globo News para discutir d\u00edvidas dos estados e a sucess\u00e3o de recuos do governo federal, usou argumentos a respeito do ingresso no funcionalismo p\u00fablico que causou &#8220;indigna\u00e7\u00e3o e agrediu a honra dos auditores fiscais e todos outros servidores\u00a0 estaduais&#8221;, no entender do <span class=\"st\">Sindicato dos Agentes Fiscais de Rendas do Estado de S\u00e3o Paulo<\/span> (Sinafresp).<\/p>\n<p>Segundo a categoria, a fala revela absoluto desconhecimento do que distingue uma carreira de Estado das demais. A classe lembra que se n\u00e3o fosse pelo trabalho de ilustres brasileiros, que a seu tempo \u201cacertaram quest\u00f5es de m\u00faltipla escolha\u201d, conforme mencionou o secret\u00e1rio durante a entrevista referindo-se ao m\u00e9todo de classifica\u00e7\u00e3o nos concursos p\u00fablicos, o crime na administra\u00e7\u00e3o de recursos p\u00fablicos estaria acontecendo de maneira at\u00e1vica.<\/p>\n<p>O secret\u00e1rio tamb\u00e9m afirmou \u201cnomea\u00e7\u00f5es livres, nas quais eu possa a meu crit\u00e9rio escolher as pessoas\u201d, e n\u00e3o esclareceu que os cargos comissionados, aceitam ordens sem questionamentos, diferente dos concursados, que se preocupam com a continuidade do Estado, destacou o Sinafresp.<\/p>\n<p>Atualmente, Villela \u00e9 o gestor das finan\u00e7as do Estado de S\u00e3o Paulo.\u00a0O\u00a0Sindicato dos Agentes Fiscais de Rendas tamb\u00e9m tem alertado o governador e a popula\u00e7\u00e3o paulista sobre os in\u00fameros benef\u00edcios fiscais que est\u00e3o sendo concedidos a setores controlados por grandes multinacionais como frigor\u00edficos (de bovinos e de aves), mineradoras, empresas de malte (insumo para fabrica\u00e7\u00e3o de bebidas), fabricantes e importadoras de helic\u00f3pteros, lanchas, jet-skis, etc. Tais benef\u00edcios fiscais criar\u00e3o um rombo nas contas p\u00fablicas.<u><\/u><u><\/u><\/p>\n<p>O secret\u00e1rio tamb\u00e9m acumula o cargo de diretor da Companhia Paulista de Parcerias, empresa estatal, e integra o conselho fiscal de outras duas estatais, a CESP (Cia En\u00e9rgica de S\u00e3o Paulo) e CPSEC (Cia Paulista de Securitiza\u00e7\u00e3o), assinalou a entidade sindical.<u><\/u><u><\/u><\/p>\n<p>&#8220;A categoria tem trabalhado insistentemente no combate \u00e0 concess\u00e3o de benef\u00edcios fiscais indevidos. No 1\u00b0 semestre de 2016 \u00a0foram denunciados pelos auditores fiscais mais de R$ 3,5 bilh\u00f5es em concess\u00e3o de benef\u00edcios fiscais e cr\u00e9ditos \u00e0 empresas com d\u00edvidas, sem qualquer contrapartida para a popula\u00e7\u00e3o, o que n\u00e3o seria poss\u00edvel com tal subordina\u00e7\u00e3o&#8221;, finalizou o Seinafresp.<\/p>\n<p>Segue abaixo a \u00edntegra da nota de esclarecimento e rep\u00fadio:<br \/>\n<a href=\"http:\/\/sinafresp.org.br\/nota-de-repudio-as-declaracoes-do-sr-renato-villela\/\" target=\"_blank\">http:\/\/sinafresp.org.br\/nota-de-repudio-as-declaracoes-do-sr-renato-villela\/<\/a><\/p>\n","protected":false},"excerpt":{"rendered":"<p>Auditores fiscais da Receita Estadual repudiam declara\u00e7\u00f5es do Secret\u00e1rio da Fazenda em nome de toda a classe de servidores p\u00fablicos federais, estaduais e municipais Neste s\u00e1bado (13), o secret\u00e1rio da Fazenda do Estado de S\u00e3o Paulo, Renato Villela, em entrevista ao Programa Painel da Globo News para discutir d\u00edvidas dos estados e a sucess\u00e3o de recuos do governo federal, usou [&hellip;]<\/p>\n","protected":false},"author":27,"featured_media":0,"comment_status":"open","ping_status":"closed","sticky":false,"template":"","format":"standard","meta":{"footnotes":""},"categories":[2719],"tags":[3397,3400,23,1093,302,1164,3398,3399,70,241,1853,807,1513],"class_list":["post-2720","post","type-post","status-publish","format-standard","hentry","category-servidor","tag-agride","tag-classificacao","tag-concursos","tag-escolha","tag-fazenda","tag-funcionalismo","tag-honra","tag-mulitpla","tag-nacional","tag-publico","tag-questoes","tag-secretario","tag-sinafresp"],"_links":{"self":[{"href":"https:\/\/blogs.correiobraziliense.com.br\/servidor\/wp-json\/wp\/v2\/posts\/2720","targetHints":{"allow":["GET"]}}],"collection":[{"href":"https:\/\/blogs.correiobraziliense.com.br\/servidor\/wp-json\/wp\/v2\/posts"}],"about":[{"href":"https:\/\/blogs.correiobraziliense.com.br\/servidor\/wp-json\/wp\/v2\/types\/post"}],"author":[{"embeddable":true,"href":"https:\/\/blogs.correiobraziliense.com.br\/servidor\/wp-json\/wp\/v2\/users\/27"}],"replies":[{"embeddable":true,"href":"https:\/\/blogs.correiobraziliense.com.br\/servidor\/wp-json\/wp\/v2\/comments?post=2720"}],"version-history":[{"count":1,"href":"https:\/\/blogs.correiobraziliense.com.br\/servidor\/wp-json\/wp\/v2\/posts\/2720\/revisions"}],"predecessor-version":[{"id":2721,"href":"https:\/\/blogs.correiobraziliense.com.br\/servidor\/wp-json\/wp\/v2\/posts\/2720\/revisions\/2721"}],"wp:attachment":[{"href":"https:\/\/blogs.correiobraziliense.com.br\/servidor\/wp-json\/wp\/v2\/media?parent=2720"}],"wp:term":[{"taxonomy":"category","embeddable":true,"href":"https:\/\/blogs.correiobraziliense.com.br\/servidor\/wp-json\/wp\/v2\/categories?post=2720"},{"taxonomy":"post_tag","embeddable":true,"href":"https:\/\/blogs.correiobraziliense.com.br\/servidor\/wp-json\/wp\/v2\/tags?post=2720"}],"curies":[{"name":"wp","href":"https:\/\/api.w.org\/{rel}","templated":true}]}}