{"id":2706,"date":"2016-08-17T15:45:16","date_gmt":"2016-08-17T18:45:16","guid":{"rendered":"https:\/\/blogs.correiobraziliense.com.br\/servidor\/?p=2706"},"modified":"2016-08-17T15:30:17","modified_gmt":"2016-08-17T18:30:17","slug":"servidores-do-tesouro-divulgam-carta-aberta-sociedade","status":"publish","type":"post","link":"https:\/\/blogs.correiobraziliense.com.br\/servidor\/servidores-do-tesouro-divulgam-carta-aberta-sociedade\/","title":{"rendered":"Servidores do Tesouro divulgam carta aberta \u00e0 sociedade"},"content":{"rendered":"<p>\u201cO Unacon Sindical defende o equil\u00edbrio entre as carreiras de auditoria integrantes do processo de arrecada\u00e7\u00e3o e gasto, tanto quanto defende o equil\u00edbrio das contas p\u00fablicas.<\/p>\n<p>Os servidores da Secretaria do Tesouro Nacional, em movimento recente de entrega dos cargos comissionados, defendem que sem a valoriza\u00e7\u00e3o daqueles que trabalham do lado da auditoria dos recursos p\u00fablicos e gerindo o gasto p\u00fablico, a mensagem do Governo passada ao quadro de servidores e \u00e0 sociedade \u00e9, no m\u00ednimo, contradit\u00f3ria e dicot\u00f4mica.<\/p>\n<p>A imagem do Estado Leviat\u00e3, arrecadador, que tudo pode, n\u00e3o \u00e9 compat\u00edvel com a vis\u00e3o de Estado contempor\u00e2neo, onde os quadros de servidores p\u00fablicos s\u00e3o, na sua esmagadora maioria e nas suas mais diversas atividades, equilibrados e equivalentes entre si.<\/p>\n<p>A quest\u00e3o que os Auditores Federais de Finan\u00e7as e Controle fazem \u00e0 sociedade \u00e9: a sociedade brasileira quer um maior controle e efici\u00eancia dos gastos p\u00fablicos ou quer mais aumento de impostos? A proposta do Unacon Sindical \u00e9 a promo\u00e7\u00e3o do equil\u00edbrio do macroprocesso da a\u00e7\u00e3o fazend\u00e1ria (arrecada\u00e7\u00e3o justa e gasto eficiente), tal qual descrito na Miss\u00e3o do Minist\u00e9rio da Fazenda.<\/p>\n<p>\u201cFormular e gerir pol\u00edticas econ\u00f4micas, para o desenvolvimento sustent\u00e1vel, com justi\u00e7a fiscal e equil\u00edbrio das contas p\u00fablicas\u201d<\/p>\n","protected":false},"excerpt":{"rendered":"<p>\u201cO Unacon Sindical defende o equil\u00edbrio entre as carreiras de auditoria integrantes do processo de arrecada\u00e7\u00e3o e gasto, tanto quanto defende o equil\u00edbrio das contas p\u00fablicas. Os servidores da Secretaria do Tesouro Nacional, em movimento recente de entrega dos cargos comissionados, defendem que sem a valoriza\u00e7\u00e3o daqueles que trabalham do lado da auditoria dos recursos p\u00fablicos e gerindo o gasto [&hellip;]<\/p>\n","protected":false},"author":27,"featured_media":0,"comment_status":"open","ping_status":"closed","sticky":false,"template":"","format":"standard","meta":{"footnotes":""},"categories":[2719],"tags":[1506,946,3222,55,301,750,1803,1635,58,351,964,303],"class_list":["post-2706","post","type-post","status-publish","format-standard","hentry","category-servidor","tag-aberta","tag-arrecadacao","tag-auditoria","tag-carreiras","tag-carta","tag-divulgam","tag-equilibrio","tag-gasto","tag-servidores","tag-sociedade","tag-tesouro","tag-unacon"],"_links":{"self":[{"href":"https:\/\/blogs.correiobraziliense.com.br\/servidor\/wp-json\/wp\/v2\/posts\/2706","targetHints":{"allow":["GET"]}}],"collection":[{"href":"https:\/\/blogs.correiobraziliense.com.br\/servidor\/wp-json\/wp\/v2\/posts"}],"about":[{"href":"https:\/\/blogs.correiobraziliense.com.br\/servidor\/wp-json\/wp\/v2\/types\/post"}],"author":[{"embeddable":true,"href":"https:\/\/blogs.correiobraziliense.com.br\/servidor\/wp-json\/wp\/v2\/users\/27"}],"replies":[{"embeddable":true,"href":"https:\/\/blogs.correiobraziliense.com.br\/servidor\/wp-json\/wp\/v2\/comments?post=2706"}],"version-history":[{"count":1,"href":"https:\/\/blogs.correiobraziliense.com.br\/servidor\/wp-json\/wp\/v2\/posts\/2706\/revisions"}],"predecessor-version":[{"id":2707,"href":"https:\/\/blogs.correiobraziliense.com.br\/servidor\/wp-json\/wp\/v2\/posts\/2706\/revisions\/2707"}],"wp:attachment":[{"href":"https:\/\/blogs.correiobraziliense.com.br\/servidor\/wp-json\/wp\/v2\/media?parent=2706"}],"wp:term":[{"taxonomy":"category","embeddable":true,"href":"https:\/\/blogs.correiobraziliense.com.br\/servidor\/wp-json\/wp\/v2\/categories?post=2706"},{"taxonomy":"post_tag","embeddable":true,"href":"https:\/\/blogs.correiobraziliense.com.br\/servidor\/wp-json\/wp\/v2\/tags?post=2706"}],"curies":[{"name":"wp","href":"https:\/\/api.w.org\/{rel}","templated":true}]}}