{"id":2702,"date":"2016-08-17T12:17:36","date_gmt":"2016-08-17T15:17:36","guid":{"rendered":"https:\/\/blogs.correiobraziliense.com.br\/servidor\/?p=2702"},"modified":"2016-08-17T12:17:36","modified_gmt":"2016-08-17T15:17:36","slug":"sem-acumulo-de-pensao","status":"publish","type":"post","link":"https:\/\/blogs.correiobraziliense.com.br\/servidor\/sem-acumulo-de-pensao\/","title":{"rendered":"Sem ac\u00famulo de pens\u00e3o"},"content":{"rendered":"<p><strong><span style=\"font-family: Utopia,sans-serif\"><span style=\"font-size: small\">CELIA PERRONE<\/span><\/span><\/strong><\/p>\n<p><span style=\"font-family: Utopia,sans-serif\"><span style=\"font-size: small\">Enquanto a reforma da Previd\u00eancia n\u00e3o avan\u00e7a, o governo estuda maneiras legais de reduzir os custos sem recorrer ao Congresso Nacional. O ac\u00famulo de aposentadorias e pens\u00f5es por morte est\u00e1 na mira. Cerca de 10 mil pessoas recebem mais de 20 sal\u00e1rios m\u00ednimos por m\u00eas (R$ 17,6 mil) o que impacta os cofres p\u00fablicos em R$ 3,4 bilh\u00f5es por ano. No total, s\u00e3o 2,39 milh\u00f5es de brasileiros nessa condi\u00e7\u00e3o, sendo que 1,67 milh\u00e3o recebem at\u00e9 dois sal\u00e1rios m\u00ednimos.<\/span><\/span><\/p>\n<p>\u201c<span style=\"font-family: Utopia,sans-serif\"><span style=\"font-size: small\">Estabelecer um teto para receber benef\u00edcios \u00e9 um ato administrativo, uma coisa que a Constitui\u00e7\u00e3o estabelece. J\u00e1 existe a determina\u00e7\u00e3o legal de n\u00e3o haver benef\u00edcios superiores ao teto dos regimes\u201d, afirmou Jos\u00e9 Savoia, professor de economia da Universidade de S\u00e3o Paulo (USP). \u201cPara a<\/span><\/span> <span style=\"font-family: Utopia,sans-serif\"><span style=\"font-size: small\">proibi\u00e7\u00e3o ou elimina\u00e7\u00e3o dos benef\u00edcios teria que mudar a legisla\u00e7\u00e3o, o que n\u00e3o \u00e9 trivial\u201d, completou.<\/span><\/span><\/p>\n<p><span style=\"font-family: Utopia,sans-serif\"><span style=\"font-size: small\">Ele citou o caso de uma funcion\u00e1ria do Tribunal de Justi\u00e7a de S\u00e3o Paulo que recebe, al\u00e9m do sal\u00e1rio, a pens\u00e3o do pai e do marido. <\/span><\/span>\u201c<span style=\"font-family: Utopia,sans-serif\"><span style=\"font-size: small\">Todos os benef\u00edcios s\u00e3o individualmente legais. O ac\u00famulo do montante \u00e9 que deveria ser podado\u201d, disse.<\/span><\/span><\/p>\n<p><span style=\"font-family: Utopia,sans-serif\"><span style=\"font-size: small\">O ex-ministro da Previd\u00eancia Jos\u00e9 Cechin explicou que a quest\u00e3o \u00e9 antiga. J\u00e1 se tentou mudar por portaria sem resultado. Por isso, ele acredita que a legisla\u00e7\u00e3o teria que ser modificada. \u201cO Congresso deveria votar se considera moralmente justo o ac\u00famulo de diversos benef\u00edcios que custam pequenas fortunas e quem banca \u00e9 toda a sociedade por meio dos impostos\u201d, enfatizou. \u201cA Previd\u00eancia foi idealizada para que o cidad\u00e3o n\u00e3o caia na mis\u00e9ria na velhice, n\u00e3o para enriquecer ou ter uma vida de luxo\u201d, afirmou.<\/span><\/span><\/p>\n","protected":false},"excerpt":{"rendered":"<p>CELIA PERRONE Enquanto a reforma da Previd\u00eancia n\u00e3o avan\u00e7a, o governo estuda maneiras legais de reduzir os custos sem recorrer ao Congresso Nacional. O ac\u00famulo de aposentadorias e pens\u00f5es por morte est\u00e1 na mira. Cerca de 10 mil pessoas recebem mais de 20 sal\u00e1rios m\u00ednimos por m\u00eas (R$ 17,6 mil) o que impacta os cofres p\u00fablicos em R$ 3,4 bilh\u00f5es [&hellip;]<\/p>\n","protected":false},"author":27,"featured_media":0,"comment_status":"open","ping_status":"closed","sticky":false,"template":"","format":"standard","meta":{"footnotes":""},"categories":[2719],"tags":[3373,2055,100,1568,3375,98,3374,549,1195],"class_list":["post-2702","post","type-post","status-publish","format-standard","hentry","category-servidor","tag-acumulo","tag-aposentadorias","tag-congresso","tag-custos","tag-estuda","tag-governo","tag-pensao","tag-previdencia","tag-reduzir"],"_links":{"self":[{"href":"https:\/\/blogs.correiobraziliense.com.br\/servidor\/wp-json\/wp\/v2\/posts\/2702","targetHints":{"allow":["GET"]}}],"collection":[{"href":"https:\/\/blogs.correiobraziliense.com.br\/servidor\/wp-json\/wp\/v2\/posts"}],"about":[{"href":"https:\/\/blogs.correiobraziliense.com.br\/servidor\/wp-json\/wp\/v2\/types\/post"}],"author":[{"embeddable":true,"href":"https:\/\/blogs.correiobraziliense.com.br\/servidor\/wp-json\/wp\/v2\/users\/27"}],"replies":[{"embeddable":true,"href":"https:\/\/blogs.correiobraziliense.com.br\/servidor\/wp-json\/wp\/v2\/comments?post=2702"}],"version-history":[{"count":1,"href":"https:\/\/blogs.correiobraziliense.com.br\/servidor\/wp-json\/wp\/v2\/posts\/2702\/revisions"}],"predecessor-version":[{"id":2703,"href":"https:\/\/blogs.correiobraziliense.com.br\/servidor\/wp-json\/wp\/v2\/posts\/2702\/revisions\/2703"}],"wp:attachment":[{"href":"https:\/\/blogs.correiobraziliense.com.br\/servidor\/wp-json\/wp\/v2\/media?parent=2702"}],"wp:term":[{"taxonomy":"category","embeddable":true,"href":"https:\/\/blogs.correiobraziliense.com.br\/servidor\/wp-json\/wp\/v2\/categories?post=2702"},{"taxonomy":"post_tag","embeddable":true,"href":"https:\/\/blogs.correiobraziliense.com.br\/servidor\/wp-json\/wp\/v2\/tags?post=2702"}],"curies":[{"name":"wp","href":"https:\/\/api.w.org\/{rel}","templated":true}]}}