{"id":2693,"date":"2016-08-16T17:56:48","date_gmt":"2016-08-16T20:56:48","guid":{"rendered":"https:\/\/blogs.correiobraziliense.com.br\/servidor\/?p=2693"},"modified":"2016-08-16T17:56:48","modified_gmt":"2016-08-16T20:56:48","slug":"planejamento-assina-autorizacao-para-nomeacao-de-classificados-em-concurso","status":"publish","type":"post","link":"https:\/\/blogs.correiobraziliense.com.br\/servidor\/planejamento-assina-autorizacao-para-nomeacao-de-classificados-em-concurso\/","title":{"rendered":"Planejamento assina autoriza\u00e7\u00e3o para nomea\u00e7\u00e3o de classificados em concurso"},"content":{"rendered":"<p>O Instituto Brasileiro de Geografia e Estat\u00edstica (IBGE) informou que o ministro do Planejamento, Dyogo Oliveira, assinou, hoje, autoriza\u00e7\u00e3o para nomea\u00e7\u00e3o dos 600 classificados em concurso do \u00faltimo concurso,\u00a0\u00a0 a pedido do presidente do IBGE, Paulo Rabello de Castro. S\u00e3o 140 vagas de n\u00edvel superior e 460 de n\u00edvel m\u00e9dio.<\/p>\n<p>A decis\u00e3o dever\u00e1 ser publicada no Di\u00e1rio Oficial da Uni\u00e3o (DOU) nos pr\u00f3ximos dias.<\/p>\n","protected":false},"excerpt":{"rendered":"<p>O Instituto Brasileiro de Geografia e Estat\u00edstica (IBGE) informou que o ministro do Planejamento, Dyogo Oliveira, assinou, hoje, autoriza\u00e7\u00e3o para nomea\u00e7\u00e3o dos 600 classificados em concurso do \u00faltimo concurso,\u00a0\u00a0 a pedido do presidente do IBGE, Paulo Rabello de Castro. S\u00e3o 140 vagas de n\u00edvel superior e 460 de n\u00edvel m\u00e9dio. A decis\u00e3o dever\u00e1 ser publicada no Di\u00e1rio Oficial da Uni\u00e3o [&hellip;]<\/p>\n","protected":false},"author":27,"featured_media":0,"comment_status":"open","ping_status":"closed","sticky":false,"template":"","format":"standard","meta":{"footnotes":""},"categories":[2719],"tags":[170,3188,3367,93,1769,1586,1795,307,3,2304],"class_list":["post-2693","post","type-post","status-publish","format-standard","hentry","category-servidor","tag-assina","tag-autorizacao","tag-classificados","tag-concurso","tag-dou","tag-medio","tag-nivel","tag-nomeacao","tag-planejamento","tag-superior"],"_links":{"self":[{"href":"https:\/\/blogs.correiobraziliense.com.br\/servidor\/wp-json\/wp\/v2\/posts\/2693","targetHints":{"allow":["GET"]}}],"collection":[{"href":"https:\/\/blogs.correiobraziliense.com.br\/servidor\/wp-json\/wp\/v2\/posts"}],"about":[{"href":"https:\/\/blogs.correiobraziliense.com.br\/servidor\/wp-json\/wp\/v2\/types\/post"}],"author":[{"embeddable":true,"href":"https:\/\/blogs.correiobraziliense.com.br\/servidor\/wp-json\/wp\/v2\/users\/27"}],"replies":[{"embeddable":true,"href":"https:\/\/blogs.correiobraziliense.com.br\/servidor\/wp-json\/wp\/v2\/comments?post=2693"}],"version-history":[{"count":1,"href":"https:\/\/blogs.correiobraziliense.com.br\/servidor\/wp-json\/wp\/v2\/posts\/2693\/revisions"}],"predecessor-version":[{"id":2694,"href":"https:\/\/blogs.correiobraziliense.com.br\/servidor\/wp-json\/wp\/v2\/posts\/2693\/revisions\/2694"}],"wp:attachment":[{"href":"https:\/\/blogs.correiobraziliense.com.br\/servidor\/wp-json\/wp\/v2\/media?parent=2693"}],"wp:term":[{"taxonomy":"category","embeddable":true,"href":"https:\/\/blogs.correiobraziliense.com.br\/servidor\/wp-json\/wp\/v2\/categories?post=2693"},{"taxonomy":"post_tag","embeddable":true,"href":"https:\/\/blogs.correiobraziliense.com.br\/servidor\/wp-json\/wp\/v2\/tags?post=2693"}],"curies":[{"name":"wp","href":"https:\/\/api.w.org\/{rel}","templated":true}]}}