{"id":2684,"date":"2016-08-16T15:54:05","date_gmt":"2016-08-16T18:54:05","guid":{"rendered":"https:\/\/blogs.correiobraziliense.com.br\/servidor\/?p=2684"},"modified":"2016-08-16T15:54:05","modified_gmt":"2016-08-16T18:54:05","slug":"correios-solucoes-de-comunicacao-postal-para-candidatos-nas-eleicoes-municipais","status":"publish","type":"post","link":"https:\/\/blogs.correiobraziliense.com.br\/servidor\/correios-solucoes-de-comunicacao-postal-para-candidatos-nas-eleicoes-municipais\/","title":{"rendered":"Correios &#8211; solu\u00e7\u00f5es de comunica\u00e7\u00e3o postal para candidatos nas elei\u00e7\u00f5es municipais"},"content":{"rendered":"<p><em>Para atender \u00e0s necessidades dos candidatos e partidos pol\u00edticos nas elei\u00e7\u00f5es municipais deste ano, os Correios lan\u00e7aram uma p\u00e1gina com orienta\u00e7\u00f5es sobre produtos e servi\u00e7os adequados \u00e0 nova legisla\u00e7\u00e3o eleitoral. O hotsite elei\u00e7\u00f5es oferece todas as solu\u00e7\u00f5es para uma comunica\u00e7\u00e3o efetiva e direta com os eleitores. O prazo limite para postagem no primeiro turno \u00e9 23 de setembro e, para o segundo, 21 de outubro.<br \/>\n<\/em><\/p>\n<p>A p\u00e1gina, que pode ser acessada pela internet ou por dispositivos m\u00f3veis, traz orienta\u00e7\u00f5es de como divulgar propostas, conhecer a opini\u00e3o dos eleitores e enviar materiais e documentos sobre a campanha. Os interessados tamb\u00e9m podem consultar CEPs, tarifas, prazos e contatos comerciais, al\u00e9m do resumo da legisla\u00e7\u00e3o e calend\u00e1rio eleitoral.<\/p>\n<p>O principal produto oferecido pelos Correios \u00e9 a mala direta que, segundo pesquisa realizada pela empresa no ano passado, \u00e9 a comunica\u00e7\u00e3o mais valorizada pelos eleitores. Os Correios tamb\u00e9m mant\u00eam calend\u00e1rio de palestras para assessores e candidatos interessados.<\/p>\n<p>A lei 13.165\/2015, conhecida como Reforma Eleitoral, trouxe uma s\u00e9rie de altera\u00e7\u00f5es, como a redu\u00e7\u00e3o dos custos das campanhas eleitorais e o tempo menor para as a\u00e7\u00f5es de propaganda. O prazo limite para postagem de propaganda eleitoral no primeiro turno \u00e9 23 de setembro e, para o segundo, 21 de outubro.<\/p>\n","protected":false},"excerpt":{"rendered":"<p>Para atender \u00e0s necessidades dos candidatos e partidos pol\u00edticos nas elei\u00e7\u00f5es municipais deste ano, os Correios lan\u00e7aram uma p\u00e1gina com orienta\u00e7\u00f5es sobre produtos e servi\u00e7os adequados \u00e0 nova legisla\u00e7\u00e3o eleitoral. O hotsite elei\u00e7\u00f5es oferece todas as solu\u00e7\u00f5es para uma comunica\u00e7\u00e3o efetiva e direta com os eleitores. O prazo limite para postagem no primeiro turno \u00e9 23 de setembro e, para [&hellip;]<\/p>\n","protected":false},"author":27,"featured_media":0,"comment_status":"open","ping_status":"closed","sticky":false,"template":"","format":"standard","meta":{"footnotes":""},"categories":[2719],"tags":[178,559,20,2021,1690,3335,1411,3359,1360],"class_list":["post-2684","post","type-post","status-publish","format-standard","hentry","category-servidor","tag-candidatos","tag-comunicacao","tag-correios","tag-eleicoes","tag-municipais","tag-partidos","tag-politicos","tag-postal","tag-solucoes"],"_links":{"self":[{"href":"https:\/\/blogs.correiobraziliense.com.br\/servidor\/wp-json\/wp\/v2\/posts\/2684","targetHints":{"allow":["GET"]}}],"collection":[{"href":"https:\/\/blogs.correiobraziliense.com.br\/servidor\/wp-json\/wp\/v2\/posts"}],"about":[{"href":"https:\/\/blogs.correiobraziliense.com.br\/servidor\/wp-json\/wp\/v2\/types\/post"}],"author":[{"embeddable":true,"href":"https:\/\/blogs.correiobraziliense.com.br\/servidor\/wp-json\/wp\/v2\/users\/27"}],"replies":[{"embeddable":true,"href":"https:\/\/blogs.correiobraziliense.com.br\/servidor\/wp-json\/wp\/v2\/comments?post=2684"}],"version-history":[{"count":1,"href":"https:\/\/blogs.correiobraziliense.com.br\/servidor\/wp-json\/wp\/v2\/posts\/2684\/revisions"}],"predecessor-version":[{"id":2685,"href":"https:\/\/blogs.correiobraziliense.com.br\/servidor\/wp-json\/wp\/v2\/posts\/2684\/revisions\/2685"}],"wp:attachment":[{"href":"https:\/\/blogs.correiobraziliense.com.br\/servidor\/wp-json\/wp\/v2\/media?parent=2684"}],"wp:term":[{"taxonomy":"category","embeddable":true,"href":"https:\/\/blogs.correiobraziliense.com.br\/servidor\/wp-json\/wp\/v2\/categories?post=2684"},{"taxonomy":"post_tag","embeddable":true,"href":"https:\/\/blogs.correiobraziliense.com.br\/servidor\/wp-json\/wp\/v2\/tags?post=2684"}],"curies":[{"name":"wp","href":"https:\/\/api.w.org\/{rel}","templated":true}]}}