{"id":2671,"date":"2016-08-15T16:52:16","date_gmt":"2016-08-15T19:52:16","guid":{"rendered":"https:\/\/blogs.correiobraziliense.com.br\/servidor\/?p=2671"},"modified":"2016-08-15T16:52:16","modified_gmt":"2016-08-15T19:52:16","slug":"16-de-agosto-dia-nacional-de-mobilizacao-e-luta-por-emprego-e-garantia-de-direitos","status":"publish","type":"post","link":"https:\/\/blogs.correiobraziliense.com.br\/servidor\/16-de-agosto-dia-nacional-de-mobilizacao-e-luta-por-emprego-e-garantia-de-direitos\/","title":{"rendered":"16 de agosto &#8211; Dia Nacional de Mobiliza\u00e7\u00e3o e Luta por Emprego e Garantia de Direitos"},"content":{"rendered":"<p>CUT, CTB, CSP, CGTB, For\u00e7a Sindical, Intersindical, NCST e UGT fazem, amanh\u00e3, o Dia Nacional de Mobiliza\u00e7\u00e3o e Luta por Emprego e Garantia de Direitos. Al\u00e9m de paralisa\u00e7\u00f5es nos locais de trabalho \u2013 bancos, f\u00e1bricas, entre outros &#8211; de uma, duas horas ou a manh\u00e3 inteira, haver\u00e1 atos em frente \u00e0s sedes das principais federa\u00e7\u00f5es patronais em todas as capitais do Brasil.<\/p>\n<p>As centrais sindicais que organizam para o ato, com o objetivo de reiterar a inten\u00e7\u00e3o de n\u00e3o aceitar qualquer proposta ou negocia\u00e7\u00e3o com que retire direitos trabalhistas e previdenci\u00e1rios ou precarize ainda mais as rela\u00e7\u00f5es de trabalho.<\/p>\n<p><strong>Em S\u00e3o Paulo<\/strong>, o ato ser\u00e1 em frente \u00e0 sede da Fiesp, na Avenida Paulista, 1313, a partir das 10h. Depois, trabalhadores seguir\u00e3o em passeata at\u00e9 o escrit\u00f3rio da Presid\u00eancia da Rep\u00fablica &#8211; Av. Paulista, 2163.<\/p>\n<p><strong><em>N\u00e3o vamos pagar o pato<\/em><\/strong><\/p>\n<p>Um dos maiores desafios do movimento sindical brasileiro hoje, informaram as centrais, \u00e9 defender conquistas que est\u00e3o sendo atacados pelo Congresso Nacional e pelo governo federal, e impedir que milhares de trabalhadores sejam demitidos.<\/p>\n<p>&#8220;A amplia\u00e7\u00e3o da terceiriza\u00e7\u00e3o que explora, mutila e mata; a flexibiliza\u00e7\u00e3o de direitos trabalhistas e a reforma da Previd\u00eancia Social s\u00e3o algumas das amea\u00e7as que o atual governo est\u00e1 tentando aprovar. Se n\u00e3o houver resist\u00eancia, luta e muita press\u00e3o, podemos ter mais desemprego, o fim da CLT e da pol\u00edtica de valoriza\u00e7\u00e3o do sal\u00e1rio m\u00ednimo, al\u00e9m de aposentadoria s\u00f3 aos 70 anos.<\/p>\n<p>\u00c9 isso que empres\u00e1rios, como o presidente da Fiesp, Paulo Skaf, e da CNI, Robson Andrade &#8211; aquele que falou em aumentar a jornada para 80 horas semanais &#8211; querem&#8221;,\u00a0 informa o texto das entidadea.<\/p>\n<p>\u201cOs empres\u00e1rios financiaram o golpe de Estado e agora est\u00e3o cobrando a conta. Acham que n\u00f3s \u00e9 que vamos pagar. Est\u00e3o enganados. Esse pato n\u00e3o \u00e9 nosso\u201d, diz o presidente nacional da CUT, Vagner Freitas.<\/p>\n<p>Segundo Vagner, o Dia Nacional de Mobiliza\u00e7\u00e3o \u00e9 um alerta ao governo e aos empres\u00e1rios. \u201cVamos resistir, vamos lutar para impedir o aumento da explora\u00e7\u00e3o e a retirada de direitos. A mobiliza\u00e7\u00e3o do dia 16 \u00e9 um dos passos dessa resist\u00eancia rumo a uma greve geral.\u201d<\/p>\n<p>Para ele, n\u00e3o \u00e9 poss\u00edvel aceitar qualquer retrocesso nos direitos sociais. Uma das principais amea\u00e7as do momento \u00e9 a tentativa de implantar o negociado sob o legislado. Neste caso, as rela\u00e7\u00f5es entre empregado e patr\u00e3o ditam as regras que ficar\u00e3o acima dos direitos garantidos pela CLT.<\/p>\n<p>\u201cN\u00e3o \u00e9 porque os sindicatos t\u00eam medo de negocia\u00e7\u00e3o ou s\u00e3o acomodados com a legisla\u00e7\u00e3o. \u00c9 porque o empres\u00e1rio brasileiro n\u00e3o avan\u00e7a para ter uma rela\u00e7\u00e3o de igual para igual, muito pelo contr\u00e1rio. O que acontece hoje \u00e9 uma campanha mundial contra os sindicatos\u201d, argumentou Freitas.<\/p>\n<p>\u201cAceitamos o negociado sob o legislado, desde que seja negociado com o trabalho mais do que est\u00e1 na CLT. Aceitamos desde que seja uma proposta melhor para o trabalhador, nada mais do que isso\u201d, conclui o presidente da CUT.<\/p>\n<p>O secret\u00e1rio-geral da CUT Nacional, S\u00e9rgio Nobre , alerta que esse ser\u00e1 um dia extremamente importante, \u201cpois estamos vivendo a maior onda de retirada de direitos da nossa hist\u00f3ria. Existem v\u00e1rios projetos no Congresso Nacional que amea\u00e7am os direitos dos trabalhadores. O principal \u00e9 o que autoriza a terceiriza\u00e7\u00e3o irrestrita, inclusive na atividade fim, isso pode criar empresas sem trabalhadores. Esse governo interino e golpista est\u00e1 querendo privatizar tudo, inclusive a Petrobras, querem dar o nosso pr\u00e9-sal para o capital estrangeiro. H\u00e1 ainda um projeto que prop\u00f5e o fim do reajuste salarial. Ou seja, motivos n\u00e3o nos falta, todos os trabalhadores t\u00eam motivos para sair \u00e0s ruas no dia 16 e protestar\u201d, defendeu Nobre.<\/p>\n","protected":false},"excerpt":{"rendered":"<p>CUT, CTB, CSP, CGTB, For\u00e7a Sindical, Intersindical, NCST e UGT fazem, amanh\u00e3, o Dia Nacional de Mobiliza\u00e7\u00e3o e Luta por Emprego e Garantia de Direitos. Al\u00e9m de paralisa\u00e7\u00f5es nos locais de trabalho \u2013 bancos, f\u00e1bricas, entre outros &#8211; de uma, duas horas ou a manh\u00e3 inteira, haver\u00e1 atos em frente \u00e0s sedes das principais federa\u00e7\u00f5es patronais em todas as capitais [&hellip;]<\/p>\n","protected":false},"author":27,"featured_media":0,"comment_status":"open","ping_status":"closed","sticky":false,"template":"","format":"standard","meta":{"footnotes":""},"categories":[2719],"tags":[3331,3326,2768,3325,2383,999,947,619,197,3333,3329,3334,870,1466,3327,719,481,3324,3328,498,3332,3330,2966],"class_list":["post-2671","post","type-post","status-publish","format-standard","hentry","category-servidor","tag-capitais","tag-cgtb","tag-cni","tag-csp","tag-ctb","tag-cut","tag-dia","tag-direitos","tag-emprego","tag-escritorio","tag-federacoes","tag-fiesp","tag-forca-sindical","tag-garantia","tag-intersindical","tag-luta","tag-mobilizacao","tag-naciona","tag-ncst","tag-paralisacoes","tag-passeata","tag-patronais","tag-ugt"],"_links":{"self":[{"href":"https:\/\/blogs.correiobraziliense.com.br\/servidor\/wp-json\/wp\/v2\/posts\/2671","targetHints":{"allow":["GET"]}}],"collection":[{"href":"https:\/\/blogs.correiobraziliense.com.br\/servidor\/wp-json\/wp\/v2\/posts"}],"about":[{"href":"https:\/\/blogs.correiobraziliense.com.br\/servidor\/wp-json\/wp\/v2\/types\/post"}],"author":[{"embeddable":true,"href":"https:\/\/blogs.correiobraziliense.com.br\/servidor\/wp-json\/wp\/v2\/users\/27"}],"replies":[{"embeddable":true,"href":"https:\/\/blogs.correiobraziliense.com.br\/servidor\/wp-json\/wp\/v2\/comments?post=2671"}],"version-history":[{"count":1,"href":"https:\/\/blogs.correiobraziliense.com.br\/servidor\/wp-json\/wp\/v2\/posts\/2671\/revisions"}],"predecessor-version":[{"id":2672,"href":"https:\/\/blogs.correiobraziliense.com.br\/servidor\/wp-json\/wp\/v2\/posts\/2671\/revisions\/2672"}],"wp:attachment":[{"href":"https:\/\/blogs.correiobraziliense.com.br\/servidor\/wp-json\/wp\/v2\/media?parent=2671"}],"wp:term":[{"taxonomy":"category","embeddable":true,"href":"https:\/\/blogs.correiobraziliense.com.br\/servidor\/wp-json\/wp\/v2\/categories?post=2671"},{"taxonomy":"post_tag","embeddable":true,"href":"https:\/\/blogs.correiobraziliense.com.br\/servidor\/wp-json\/wp\/v2\/tags?post=2671"}],"curies":[{"name":"wp","href":"https:\/\/api.w.org\/{rel}","templated":true}]}}