{"id":2659,"date":"2016-08-14T17:15:46","date_gmt":"2016-08-14T20:15:46","guid":{"rendered":"https:\/\/blogs.correiobraziliense.com.br\/servidor\/?p=2659"},"modified":"2016-08-14T17:15:46","modified_gmt":"2016-08-14T20:15:46","slug":"indicativo-de-paralisacao-na-stn-e-na-cgu-sera-apreciado-nesta-semana","status":"publish","type":"post","link":"https:\/\/blogs.correiobraziliense.com.br\/servidor\/indicativo-de-paralisacao-na-stn-e-na-cgu-sera-apreciado-nesta-semana\/","title":{"rendered":"Indicativo de paralisa\u00e7\u00e3o na STN e na CGU ser\u00e1 apreciado nesta semana"},"content":{"rendered":"<p><em>Em pauta, o indicativo de paralisa\u00e7\u00e3o e ou opera\u00e7\u00e3o padr\u00e3o, nos dois \u00f3rg\u00e3os, pelo descumprimento do termo de acordo n\u00ba 25 pelo governo federal.<\/em><\/p>\n<p>O Unacon Sindical convocou os auditores (AFFC) e t\u00e9cnicos federais de finan\u00e7as e controle (TFFC) para Assembleia Geral Extraordin\u00e1ria (AGE) em car\u00e1ter permanente. Na Secretaria do Tesouro Nacional (STN), encontro ser\u00e1 no hall de entrada do anexo do Minist\u00e9rio da Fazenda, \u00e0s 9 horas, de 15 a 17 de agosto. Na Controladoria-Geral da Uni\u00e3o (CGU), no dia 17, \u00e0s 14 horas, no audit\u00f3rio do edif\u00edcio sede do \u00f3rg\u00e3o. Nas regionais, conforme convoca\u00e7\u00e3o do delegado sindical do estado.<\/p>\n<p>Em 29 de julho, o presidente da Rep\u00fablica interino, Michel Temer, sancionou em parte, o Termo de Acordo com o Minist\u00e9rio do Planejamento n\u00ba 25, fruto da negocia\u00e7\u00e3o salarial de 2015. O projeto encaminhado previa o cumprimento integral do acordo, no entanto, a exig\u00eancia de n\u00edvel superior para ingresso no cargo de t\u00e9cnico foi objeto de veto presidencial.<\/p>\n","protected":false},"excerpt":{"rendered":"<p>Em pauta, o indicativo de paralisa\u00e7\u00e3o e ou opera\u00e7\u00e3o padr\u00e3o, nos dois \u00f3rg\u00e3os, pelo descumprimento do termo de acordo n\u00ba 25 pelo governo federal. O Unacon Sindical convocou os auditores (AFFC) e t\u00e9cnicos federais de finan\u00e7as e controle (TFFC) para Assembleia Geral Extraordin\u00e1ria (AGE) em car\u00e1ter permanente. Na Secretaria do Tesouro Nacional (STN), encontro ser\u00e1 no hall de entrada do [&hellip;]<\/p>\n","protected":false},"author":27,"featured_media":0,"comment_status":"open","ping_status":"closed","sticky":false,"template":"","format":"standard","meta":{"footnotes":""},"categories":[2719],"tags":[112,3304,518,2035,2094,98,1683,282,371,506,1664],"class_list":["post-2659","post","type-post","status-publish","format-standard","hentry","category-servidor","tag-acordo","tag-apreciado","tag-assembleia","tag-cgu","tag-descumprimento","tag-governo","tag-indicativo","tag-operacao","tag-padrao","tag-paralisacao","tag-stn"],"_links":{"self":[{"href":"https:\/\/blogs.correiobraziliense.com.br\/servidor\/wp-json\/wp\/v2\/posts\/2659","targetHints":{"allow":["GET"]}}],"collection":[{"href":"https:\/\/blogs.correiobraziliense.com.br\/servidor\/wp-json\/wp\/v2\/posts"}],"about":[{"href":"https:\/\/blogs.correiobraziliense.com.br\/servidor\/wp-json\/wp\/v2\/types\/post"}],"author":[{"embeddable":true,"href":"https:\/\/blogs.correiobraziliense.com.br\/servidor\/wp-json\/wp\/v2\/users\/27"}],"replies":[{"embeddable":true,"href":"https:\/\/blogs.correiobraziliense.com.br\/servidor\/wp-json\/wp\/v2\/comments?post=2659"}],"version-history":[{"count":1,"href":"https:\/\/blogs.correiobraziliense.com.br\/servidor\/wp-json\/wp\/v2\/posts\/2659\/revisions"}],"predecessor-version":[{"id":2660,"href":"https:\/\/blogs.correiobraziliense.com.br\/servidor\/wp-json\/wp\/v2\/posts\/2659\/revisions\/2660"}],"wp:attachment":[{"href":"https:\/\/blogs.correiobraziliense.com.br\/servidor\/wp-json\/wp\/v2\/media?parent=2659"}],"wp:term":[{"taxonomy":"category","embeddable":true,"href":"https:\/\/blogs.correiobraziliense.com.br\/servidor\/wp-json\/wp\/v2\/categories?post=2659"},{"taxonomy":"post_tag","embeddable":true,"href":"https:\/\/blogs.correiobraziliense.com.br\/servidor\/wp-json\/wp\/v2\/tags?post=2659"}],"curies":[{"name":"wp","href":"https:\/\/api.w.org\/{rel}","templated":true}]}}