{"id":2647,"date":"2016-08-11T19:59:08","date_gmt":"2016-08-11T22:59:08","guid":{"rendered":"https:\/\/blogs.correiobraziliense.com.br\/servidor\/?p=2647"},"modified":"2016-08-11T19:59:08","modified_gmt":"2016-08-11T22:59:08","slug":"dirigentes-da-policia-civil-discutem-reajuste-com-o-governador-rollemberg","status":"publish","type":"post","link":"https:\/\/blogs.correiobraziliense.com.br\/servidor\/dirigentes-da-policia-civil-discutem-reajuste-com-o-governador-rollemberg\/","title":{"rendered":"Dirigentes da Pol\u00edcia Civil discutem reajuste com o governador Rollemberg"},"content":{"rendered":"<p>&nbsp;<\/p>\n<p><em>Haver\u00e1 novo encontro na segunda-feira (15) com lideran\u00e7as sindicais.<\/em><\/p>\n<p>Segundo informa\u00e7\u00f5es da Pol\u00edcia Civil do DF, a c\u00fapula do \u00f3rg\u00e3o esteve no Pal\u00e1cio do Buriti, na tarde de hoje, para discutir reajuste salarial, a convite do governador de Bras\u00edlia, Rodrigo Rollemberg. Foram recebidos no gabinete do chefe do Executivo.<\/p>\n<p>Ap\u00f3s ouvir as reivindica\u00e7\u00f5es, Rollemberg prometeu discutir o assunto. \u201cReconhe\u00e7o a legitimidade do pleito com a isonomia da Pol\u00edcia Federal, mas ningu\u00e9m poderia prever h\u00e1 dois anos a recess\u00e3o que o Pa\u00eds viveria\u201d, disse. \u201cAgrade\u00e7o o empenho e pe\u00e7o que utilizem a lideran\u00e7a para construirmos juntos uma solu\u00e7\u00e3o na base da temperan\u00e7a, da modera\u00e7\u00e3o e do di\u00e1logo.\u201d<\/p>\n<p>A a categoria achou positivo a disposi\u00e7\u00e3o do governador em receber as lideran\u00e7as sindicais na pr\u00f3xima semana. A situa\u00e7\u00e3o estava ficando insuport\u00e1vel dentro do \u00f3rg\u00e3o. Peritos criminais j\u00e1 haviam decido entregar os cargos de chefia. Medida que j\u00e1 havia sido tomada por agentes, escriv\u00e3es e delegados.<\/p>\n","protected":false},"excerpt":{"rendered":"<p>&nbsp; Haver\u00e1 novo encontro na segunda-feira (15) com lideran\u00e7as sindicais. Segundo informa\u00e7\u00f5es da Pol\u00edcia Civil do DF, a c\u00fapula do \u00f3rg\u00e3o esteve no Pal\u00e1cio do Buriti, na tarde de hoje, para discutir reajuste salarial, a convite do governador de Bras\u00edlia, Rodrigo Rollemberg. Foram recebidos no gabinete do chefe do Executivo. Ap\u00f3s ouvir as reivindica\u00e7\u00f5es, Rollemberg prometeu discutir o assunto. \u201cReconhe\u00e7o [&hellip;]<\/p>\n","protected":false},"author":27,"featured_media":0,"comment_status":"open","ping_status":"closed","sticky":false,"template":"","format":"standard","meta":{"footnotes":""},"categories":[2719],"tags":[68,2050,2874,3285,2254,1256,319,1716,63,3066,18,1260],"class_list":["post-2647","post","type-post","status-publish","format-standard","hentry","category-servidor","tag-df","tag-dirigentes","tag-encontro","tag-governador","tag-isonomia","tag-liderancas","tag-pf","tag-policia-civil","tag-reajuste","tag-rollemberg","tag-salarial","tag-sindicais"],"_links":{"self":[{"href":"https:\/\/blogs.correiobraziliense.com.br\/servidor\/wp-json\/wp\/v2\/posts\/2647","targetHints":{"allow":["GET"]}}],"collection":[{"href":"https:\/\/blogs.correiobraziliense.com.br\/servidor\/wp-json\/wp\/v2\/posts"}],"about":[{"href":"https:\/\/blogs.correiobraziliense.com.br\/servidor\/wp-json\/wp\/v2\/types\/post"}],"author":[{"embeddable":true,"href":"https:\/\/blogs.correiobraziliense.com.br\/servidor\/wp-json\/wp\/v2\/users\/27"}],"replies":[{"embeddable":true,"href":"https:\/\/blogs.correiobraziliense.com.br\/servidor\/wp-json\/wp\/v2\/comments?post=2647"}],"version-history":[{"count":1,"href":"https:\/\/blogs.correiobraziliense.com.br\/servidor\/wp-json\/wp\/v2\/posts\/2647\/revisions"}],"predecessor-version":[{"id":2648,"href":"https:\/\/blogs.correiobraziliense.com.br\/servidor\/wp-json\/wp\/v2\/posts\/2647\/revisions\/2648"}],"wp:attachment":[{"href":"https:\/\/blogs.correiobraziliense.com.br\/servidor\/wp-json\/wp\/v2\/media?parent=2647"}],"wp:term":[{"taxonomy":"category","embeddable":true,"href":"https:\/\/blogs.correiobraziliense.com.br\/servidor\/wp-json\/wp\/v2\/categories?post=2647"},{"taxonomy":"post_tag","embeddable":true,"href":"https:\/\/blogs.correiobraziliense.com.br\/servidor\/wp-json\/wp\/v2\/tags?post=2647"}],"curies":[{"name":"wp","href":"https:\/\/api.w.org\/{rel}","templated":true}]}}