{"id":2641,"date":"2016-08-11T16:23:35","date_gmt":"2016-08-11T19:23:35","guid":{"rendered":"https:\/\/blogs.correiobraziliense.com.br\/servidor\/?p=2641"},"modified":"2016-08-11T16:23:35","modified_gmt":"2016-08-11T19:23:35","slug":"numero-de-trabalhadores-em-situacao-irregular-nas-olimpiadas-ja-chega-65-mil","status":"publish","type":"post","link":"https:\/\/blogs.correiobraziliense.com.br\/servidor\/numero-de-trabalhadores-em-situacao-irregular-nas-olimpiadas-ja-chega-65-mil\/","title":{"rendered":"N\u00famero de trabalhadores em situa\u00e7\u00e3o irregular nas Olimp\u00edadas j\u00e1 chega a 6,5 mil"},"content":{"rendered":"<p><i><span style=\"font-size: 14pt;font-family: 'Calibri','sans-serif';color: black\">Entre os problemas est\u00e3o jornada exaustiva e falta de local adequado para refei\u00e7\u00f5es e descanso, segundo o Minist\u00e9rio do Trabalho<br \/>\n<\/span><\/i><\/p>\n<p><span style=\"font-size: 14pt;font-family: 'Calibri','sans-serif';color: black\">Chega a aproximadamente 6,5 mil o n\u00famero de trabalhadores em situa\u00e7\u00e3o irregular Jogos Ol\u00edmpicos. Os problemas at\u00e9 o momento foram jornada de trabalho excessiva; local inadequado para alimenta\u00e7\u00e3o; falta de pausa para refei\u00e7\u00f5es e descanso; e aus\u00eancia de registro de ponto. \u201cEstamos analisando tamb\u00e9m o tipo de contrato feito com esses funcion\u00e1rios. Dependendo da documenta\u00e7\u00e3o apresentada pela empresa e pelo Comit\u00ea Ol\u00edmpico, que n\u00f3s j\u00e1 solicitamos<\/span><span style=\"font-size: 14pt;font-family: 'Calibri','sans-serif';color: #1f497d\">,<\/span><span style=\"font-size: 14pt;font-family: 'Calibri','sans-serif';color: black\"> a situa\u00e7\u00e3o desses empregadores <\/span><span style=\"font-size: 14pt;font-family: 'Calibri','sans-serif';color: #1f497d\">pode <\/span><span style=\"font-size: 14pt;font-family: 'Calibri','sans-serif';color: black\">se agrav<\/span><span style=\"font-size: 14pt;font-family: 'Calibri','sans-serif';color: #1f497d\">ar<\/span><span style=\"font-size: 14pt;font-family: 'Calibri','sans-serif';color: black\">\u201d, explica o chefe do setor de fiscaliza\u00e7\u00e3o da Superintend\u00eancia Regional do Trabalho e Emprego do Rio de Janeiro (SRTE\/RJ), M\u00e1rcio Guerra.<\/span><\/p>\n<p><span style=\"font-size: 14pt;font-family: 'Calibri','sans-serif';color: black\">De acordo com Guerra, os trabalhadores estavam a servi\u00e7o de duas empresas de alimenta\u00e7\u00e3o, que fornecem a maior parte das refei\u00e7\u00f5es servidas no evento. A primeira medida adotada pelo Minist\u00e9rio do Trabalho foi cobrar a regulariza\u00e7\u00e3o das condi\u00e7\u00f5es de trabalho deles. Entre as exig\u00eancias, est\u00e3o o acesso dos funcion\u00e1rios a refeit\u00f3rios; \u00e1gua em local de f\u00e1cil acesso; alimenta\u00e7\u00e3o adequada duas vezes ao dia; e jornada de oito horas di\u00e1rias de trabalho, com no m\u00e1ximo mais duas horas extras.<\/span><\/p>\n<p><span style=\"font-size: 14pt;font-family: 'Calibri','sans-serif';color: black\">O pr\u00f3ximo passo ser\u00e1 autuar os empregadores. \u201cN\u00e3o conseguimos finalizar as autua\u00e7\u00f5es ainda, pois \u00e9 necess\u00e1rio lavrar um auto de infra\u00e7\u00e3o para cada trabalhador irregular. Assim que terminarmos, teremos o n\u00famero exato de empregados atingidos e das autua\u00e7\u00f5es e multas aplicadas\u201d, explica. <\/span><\/p>\n<p><span style=\"font-size: 14pt;font-family: 'Calibri','sans-serif';color: black\">Guerra informa que as fiscaliza\u00e7\u00f5es t\u00eam sido di\u00e1rias. Por isso, ele acredita que o n\u00famero de trabalhadores em situa\u00e7\u00e3o irregular ainda ir\u00e1 aumentar at\u00e9 o final dos Jogos. \u201cN\u00e3o estamos fiscalizando apenas nas arenas, mas tamb\u00e9m nos eventos paralelos ligados \u00e0s Olimp\u00edadas. Por isso, acreditamos que a quantidade de trabalhadores flagrados em situa\u00e7\u00e3o irregular fique ainda maior\u201d, avalia. <\/span><\/p>\n<p><span style=\"font-size: 14pt;font-family: 'Calibri','sans-serif';color: black\">Os auditores-fiscais do trabalho est\u00e3o verificando as quest\u00f5es ligadas \u00e0 jornada de trabalho, os aspectos de seguran\u00e7a e sa\u00fade e o tipo de contrato firmado com os trabalhadores, que precisa ser formalizado de acordo com a Consolida\u00e7\u00e3o das Leis do Trabalho (CLT).<\/span><\/p>\n","protected":false},"excerpt":{"rendered":"<p>Entre os problemas est\u00e3o jornada exaustiva e falta de local adequado para refei\u00e7\u00f5es e descanso, segundo o Minist\u00e9rio do Trabalho Chega a aproximadamente 6,5 mil o n\u00famero de trabalhadores em situa\u00e7\u00e3o irregular Jogos Ol\u00edmpicos. Os problemas at\u00e9 o momento foram jornada de trabalho excessiva; local inadequado para alimenta\u00e7\u00e3o; falta de pausa para refei\u00e7\u00f5es e descanso; e aus\u00eancia de registro de [&hellip;]<\/p>\n","protected":false},"author":27,"featured_media":0,"comment_status":"open","ping_status":"closed","sticky":false,"template":"","format":"standard","meta":{"footnotes":""},"categories":[2719],"tags":[3275,2272,3277,3274,3273,1623,1610,2841,2231,1179,3279,3276,3278,546,19],"class_list":["post-2641","post","type-post","status-publish","format-standard","hentry","category-servidor","tag-adequado","tag-clt","tag-descanso","tag-exaustiva","tag-irregular","tag-jornada","tag-local","tag-ministerio-do-trabalho","tag-numero","tag-olimpiadas","tag-ponto","tag-refeicoes","tag-reistro","tag-situacao","tag-trabalhadores"],"_links":{"self":[{"href":"https:\/\/blogs.correiobraziliense.com.br\/servidor\/wp-json\/wp\/v2\/posts\/2641","targetHints":{"allow":["GET"]}}],"collection":[{"href":"https:\/\/blogs.correiobraziliense.com.br\/servidor\/wp-json\/wp\/v2\/posts"}],"about":[{"href":"https:\/\/blogs.correiobraziliense.com.br\/servidor\/wp-json\/wp\/v2\/types\/post"}],"author":[{"embeddable":true,"href":"https:\/\/blogs.correiobraziliense.com.br\/servidor\/wp-json\/wp\/v2\/users\/27"}],"replies":[{"embeddable":true,"href":"https:\/\/blogs.correiobraziliense.com.br\/servidor\/wp-json\/wp\/v2\/comments?post=2641"}],"version-history":[{"count":1,"href":"https:\/\/blogs.correiobraziliense.com.br\/servidor\/wp-json\/wp\/v2\/posts\/2641\/revisions"}],"predecessor-version":[{"id":2642,"href":"https:\/\/blogs.correiobraziliense.com.br\/servidor\/wp-json\/wp\/v2\/posts\/2641\/revisions\/2642"}],"wp:attachment":[{"href":"https:\/\/blogs.correiobraziliense.com.br\/servidor\/wp-json\/wp\/v2\/media?parent=2641"}],"wp:term":[{"taxonomy":"category","embeddable":true,"href":"https:\/\/blogs.correiobraziliense.com.br\/servidor\/wp-json\/wp\/v2\/categories?post=2641"},{"taxonomy":"post_tag","embeddable":true,"href":"https:\/\/blogs.correiobraziliense.com.br\/servidor\/wp-json\/wp\/v2\/tags?post=2641"}],"curies":[{"name":"wp","href":"https:\/\/api.w.org\/{rel}","templated":true}]}}