{"id":2639,"date":"2016-08-11T15:37:00","date_gmt":"2016-08-11T18:37:00","guid":{"rendered":"https:\/\/blogs.correiobraziliense.com.br\/servidor\/?p=2639"},"modified":"2016-08-11T17:54:41","modified_gmt":"2016-08-11T20:54:41","slug":"dia-nacional-de-luta-em-defesa-do-meio-ambiente","status":"publish","type":"post","link":"https:\/\/blogs.correiobraziliense.com.br\/servidor\/dia-nacional-de-luta-em-defesa-do-meio-ambiente\/","title":{"rendered":"Dia Nacional de Luta em Defesa do Meio Ambiente"},"content":{"rendered":"<p><span style=\"font-family: Utopia,sans-serif\"><span style=\"font-size: small\"><em>Servidores do <span class=\"st\">Instituto Brasileiro do Meio Ambiente e dos Recursos Naturais Renov\u00e1veis<\/span> (Ibama), ICMBio, SFB e Minist\u00e9rio de Meio Ambiente, no Distrito Federal fizeram, na manh\u00e3 de hoje, uma mobiliza\u00e7\u00e3o em defesa do meio ambiente e contra o desmonte das institui\u00e7\u00f5es ambientais pelos cortes or\u00e7ament\u00e1rios e redu\u00e7\u00e3o de cargos. Em frente ao \u00f3rg\u00e3o, teve uma encena\u00e7\u00e3o, parodiando as Olimp\u00edadas, de &#8220;corrida de cargos comissionados com obst\u00e1culos&#8221;<\/em><br \/>\n<\/span><\/span><\/p>\n<p><span style=\"font-family: Utopia,sans-serif\"><span style=\"font-size: small\">Os funcion\u00e1rios combatem as nomea\u00e7\u00f5es sem os requisitos b\u00e1sicos previstos na Constitui\u00e7\u00e3o e nas normas internas das institui\u00e7\u00f5es e a tramita\u00e7\u00e3o de projetos que colocam em risco a legisla\u00e7\u00e3o que trata o licenciamento ambiental, com o PLP 257, que prop\u00f5e congelamento de sal\u00e1rios, suspens\u00e3o de concursos p\u00fablicos sem aproveitamento dos j\u00e1 realizado e n\u00e3o pagamento de progress\u00f5es e outras vantagens (como gratifica\u00e7\u00f5es). Al\u00e9m de incentivo \u00e0 demiss\u00e3o volunt\u00e1ria, entre outras amea\u00e7as ao servi\u00e7o p\u00fablico nas esferas federal, estadual e municipal, de acordo como a Associa\u00e7\u00e3o Nacional dos Servidores do Ibama (Asibama).<\/span><\/span><\/p>\n<p><span style=\"font-family: Utopia,sans-serif\"><span style=\"font-size: small\">S\u00e3o contra, tamb\u00e9m, a PEC 241\/16, que institui um novo regime fiscal ou um novo teto para o gasto p\u00fablico,tendo como limite a despesa do ano anterior corrigida pela infla\u00e7\u00e3o. Os protestos come\u00e7aram \u00e0s 8h30min na pra\u00e7a em frente ao Minist\u00e9rio do Meio Ambiente, no Bloco B da Esplanada dos Minist\u00e9rios, onde foi servido um caf\u00e9 da manh\u00e3.<\/span><\/span><\/p>\n","protected":false},"excerpt":{"rendered":"<p>Servidores do Instituto Brasileiro do Meio Ambiente e dos Recursos Naturais Renov\u00e1veis (Ibama), ICMBio, SFB e Minist\u00e9rio de Meio Ambiente, no Distrito Federal fizeram, na manh\u00e3 de hoje, uma mobiliza\u00e7\u00e3o em defesa do meio ambiente e contra o desmonte das institui\u00e7\u00f5es ambientais pelos cortes or\u00e7ament\u00e1rios e redu\u00e7\u00e3o de cargos. Em frente ao \u00f3rg\u00e3o, teve uma encena\u00e7\u00e3o, parodiando as Olimp\u00edadas, de [&hellip;]<\/p>\n","protected":false},"author":27,"featured_media":0,"comment_status":"open","ping_status":"closed","sticky":false,"template":"","format":"standard","meta":{"footnotes":""},"categories":[2719],"tags":[206,3269,2395,1201,3270,947,1108,719,3268,70,3271,3272,3084,58],"class_list":["post-2639","post","type-post","status-publish","format-standard","hentry","category-servidor","tag-ambiente","tag-asibama","tag-cortes","tag-defesa","tag-desmonte","tag-dia","tag-ibama","tag-luta","tag-meio","tag-nacional","tag-orcamentarios","tag-pec-241","tag-plp-257","tag-servidores"],"_links":{"self":[{"href":"https:\/\/blogs.correiobraziliense.com.br\/servidor\/wp-json\/wp\/v2\/posts\/2639","targetHints":{"allow":["GET"]}}],"collection":[{"href":"https:\/\/blogs.correiobraziliense.com.br\/servidor\/wp-json\/wp\/v2\/posts"}],"about":[{"href":"https:\/\/blogs.correiobraziliense.com.br\/servidor\/wp-json\/wp\/v2\/types\/post"}],"author":[{"embeddable":true,"href":"https:\/\/blogs.correiobraziliense.com.br\/servidor\/wp-json\/wp\/v2\/users\/27"}],"replies":[{"embeddable":true,"href":"https:\/\/blogs.correiobraziliense.com.br\/servidor\/wp-json\/wp\/v2\/comments?post=2639"}],"version-history":[{"count":3,"href":"https:\/\/blogs.correiobraziliense.com.br\/servidor\/wp-json\/wp\/v2\/posts\/2639\/revisions"}],"predecessor-version":[{"id":2646,"href":"https:\/\/blogs.correiobraziliense.com.br\/servidor\/wp-json\/wp\/v2\/posts\/2639\/revisions\/2646"}],"wp:attachment":[{"href":"https:\/\/blogs.correiobraziliense.com.br\/servidor\/wp-json\/wp\/v2\/media?parent=2639"}],"wp:term":[{"taxonomy":"category","embeddable":true,"href":"https:\/\/blogs.correiobraziliense.com.br\/servidor\/wp-json\/wp\/v2\/categories?post=2639"},{"taxonomy":"post_tag","embeddable":true,"href":"https:\/\/blogs.correiobraziliense.com.br\/servidor\/wp-json\/wp\/v2\/tags?post=2639"}],"curies":[{"name":"wp","href":"https:\/\/api.w.org\/{rel}","templated":true}]}}