{"id":2617,"date":"2016-08-09T11:52:30","date_gmt":"2016-08-09T14:52:30","guid":{"rendered":"https:\/\/blogs.correiobraziliense.com.br\/servidor\/?p=2617"},"modified":"2016-08-09T11:52:30","modified_gmt":"2016-08-09T14:52:30","slug":"servidores-federais-que-forem-aos-jogos-das-olimpiadas-em-brasilia-terao-que-compensar-horario","status":"publish","type":"post","link":"https:\/\/blogs.correiobraziliense.com.br\/servidor\/servidores-federais-que-forem-aos-jogos-das-olimpiadas-em-brasilia-terao-que-compensar-horario\/","title":{"rendered":"Servidores federais que forem aos jogos das Olimp\u00edadas em Bras\u00edlia ter\u00e3o que compensar hor\u00e1rio"},"content":{"rendered":"<p><span lang=\"pt-BR\"><span style=\"font-family: Calibri,sans-serif;font-size: small\"><span style=\"color: black;font-family: Arial,sans-serif\"><em>Compensa\u00e7\u00e3o ter\u00e1 que ser feita at\u00e9 dia 31 de dezembro de 2016<\/em><\/span><\/span><\/span><\/p>\n<div align=\"justify\"><span style=\"font-family: Calibri,sans-serif;font-size: small\"><span style=\"color: black;font-family: Arial,sans-serif\">O Minist\u00e9rio do Planejamento, Desenvolvimento e Gest\u00e3o (MP)<span style=\"font-family: Calibri,sans-serif;font-size: small\"><span style=\"color: black;font-family: Arial,sans-serif\">autorizou servidores p\u00fablicos federais, que tenham comprado ingresso para as partidas de futebol dos Jogos Ol\u00edmpicos de 2016 na capital federal, a cumprir hor\u00e1rio de expediente especial, por<\/span><\/span> meio da <\/span><a href=\"http:\/\/pesquisa.in.gov.br\/imprensa\/jsp\/visualiza\/index.jsp?jornal=1&amp;pagina=44&amp;data=09\/08\/2016\" target=\"_blank\"><span style=\"font-family: Arial,sans-serif\">Portaria n\u00ba 223\/2016<\/span><\/a><span style=\"color: black;font-family: Arial,sans-serif\">\u00a0publicada nesta ter\u00e7a-feira (9) no Di\u00e1rio Oficial da Uni\u00e3o.<br \/>\n<\/span><\/span><\/div>\n<div align=\"justify\"><span style=\"font-family: Calibri,sans-serif;font-size: small\">\u00a0<\/span><\/div>\n<div align=\"justify\"><span style=\"font-family: Calibri,sans-serif;font-size: small\"><span style=\"color: black;font-family: Arial,sans-serif\">No dia 9, estes servidores poder\u00e3o cumprir expediente at\u00e9 \u00e0s 12h e, nos dias 10 e 12, haver\u00e1 possibilidade de ponto facultativo. Em todos os casos, ter\u00e3o que comunicar \u00e0s chefias imediatas o interesse no hor\u00e1rio especial. As horas n\u00e3o trabalhadas dever\u00e3o ser compensadas at\u00e9 dia 31 de dezembro de 2016. A libera\u00e7\u00e3o acontecer\u00e1 desde que n\u00e3o prejudique as atividades da administra\u00e7\u00e3o p\u00fablica.<\/span><\/span><\/div>\n<div align=\"justify\"><span style=\"font-family: Calibri,sans-serif;font-size: small\"><span style=\"color: black;font-family: Arial,sans-serif\">\u00a0<\/span><\/span><\/div>\n<div align=\"justify\"><span style=\"font-family: Calibri,sans-serif;font-size: small\"><span style=\"color: black;font-family: Arial,sans-serif\">Nas demais cidades onde est\u00e3o acontecendo os jogos, as reparti\u00e7\u00f5es p\u00fablicas dever\u00e3o seguir os pontos facultativos e hor\u00e1rios especiais de funcionamento definidos pelos estados e munic\u00edpios sede dos eventos.<\/span><\/span><\/div>\n<p>&nbsp;<\/p>\n","protected":false},"excerpt":{"rendered":"<p>Compensa\u00e7\u00e3o ter\u00e1 que ser feita at\u00e9 dia 31 de dezembro de 2016 O Minist\u00e9rio do Planejamento, Desenvolvimento e Gest\u00e3o (MP)autorizou servidores p\u00fablicos federais, que tenham comprado ingresso para as partidas de futebol dos Jogos Ol\u00edmpicos de 2016 na capital federal, a cumprir hor\u00e1rio de expediente especial, por meio da Portaria n\u00ba 223\/2016\u00a0publicada nesta ter\u00e7a-feira (9) no Di\u00e1rio Oficial da Uni\u00e3o. [&hellip;]<\/p>\n","protected":false},"author":27,"featured_media":0,"comment_status":"open","ping_status":"closed","sticky":false,"template":"","format":"standard","meta":{"footnotes":""},"categories":[2719],"tags":[3183,3254,1202,59,3184,2674,1179,3255,58],"class_list":["post-2617","post","type-post","status-publish","format-standard","hentry","category-servidor","tag-compensar","tag-dezembro","tag-especial","tag-federais","tag-horario","tag-jogos","tag-olimpiadas","tag-reparticoes","tag-servidores"],"_links":{"self":[{"href":"https:\/\/blogs.correiobraziliense.com.br\/servidor\/wp-json\/wp\/v2\/posts\/2617","targetHints":{"allow":["GET"]}}],"collection":[{"href":"https:\/\/blogs.correiobraziliense.com.br\/servidor\/wp-json\/wp\/v2\/posts"}],"about":[{"href":"https:\/\/blogs.correiobraziliense.com.br\/servidor\/wp-json\/wp\/v2\/types\/post"}],"author":[{"embeddable":true,"href":"https:\/\/blogs.correiobraziliense.com.br\/servidor\/wp-json\/wp\/v2\/users\/27"}],"replies":[{"embeddable":true,"href":"https:\/\/blogs.correiobraziliense.com.br\/servidor\/wp-json\/wp\/v2\/comments?post=2617"}],"version-history":[{"count":1,"href":"https:\/\/blogs.correiobraziliense.com.br\/servidor\/wp-json\/wp\/v2\/posts\/2617\/revisions"}],"predecessor-version":[{"id":2618,"href":"https:\/\/blogs.correiobraziliense.com.br\/servidor\/wp-json\/wp\/v2\/posts\/2617\/revisions\/2618"}],"wp:attachment":[{"href":"https:\/\/blogs.correiobraziliense.com.br\/servidor\/wp-json\/wp\/v2\/media?parent=2617"}],"wp:term":[{"taxonomy":"category","embeddable":true,"href":"https:\/\/blogs.correiobraziliense.com.br\/servidor\/wp-json\/wp\/v2\/categories?post=2617"},{"taxonomy":"post_tag","embeddable":true,"href":"https:\/\/blogs.correiobraziliense.com.br\/servidor\/wp-json\/wp\/v2\/tags?post=2617"}],"curies":[{"name":"wp","href":"https:\/\/api.w.org\/{rel}","templated":true}]}}