{"id":2615,"date":"2016-08-09T11:45:55","date_gmt":"2016-08-09T14:45:55","guid":{"rendered":"https:\/\/blogs.correiobraziliense.com.br\/servidor\/?p=2615"},"modified":"2016-08-09T11:45:55","modified_gmt":"2016-08-09T14:45:55","slug":"ironia-nos-bastidores","status":"publish","type":"post","link":"https:\/\/blogs.correiobraziliense.com.br\/servidor\/ironia-nos-bastidores\/","title":{"rendered":"Ironia nos bastidores"},"content":{"rendered":"<p align=\"JUSTIFY\"><span style=\"font-family: Utopia,sans-serif\"><span style=\"font-size: small\">At\u00e9 t\u00e9cnicos do governo ligados \u00e0 secret\u00e1ria do Tesouro Nacional definiram a atua\u00e7\u00e3o &#8211; em rela\u00e7\u00e3o aos pleitos dos servidores &#8211; de Ana Paula Vescovi de \u201csofr\u00edvel\u201d. O discurso dela \u00e9 o mesmo, sempre para refor\u00e7ar que a carreira precisa ficar motivada e engajada na recupera\u00e7\u00e3o do pa\u00eds. Nos bastidores, dizem eles, ela ironiza seus pares. \u201cQuando foi anunciada a inten\u00e7\u00e3o de entrega de cargos, ela debochou. Perguntou se entregariam tamb\u00e9m os conselhos fiscais\u201d, denunciou um colega da secret\u00e1ria. <\/span><\/span><\/p>\n<p align=\"JUSTIFY\"><span style=\"font-family: Utopia,sans-serif\"><span style=\"font-size: small\">Ana Paula que chegou ao cargo no in\u00edcio de junho com a fama de ter levado a cabo um dos mais rigorosos ajustes fiscais entre os estados, quando \u00e0 frente da Secret\u00e1ria de Fazenda do Esp\u00edrito Santo.Segundo as fontes, ela segue estritamente a orienta\u00e7\u00e3o do ministro da Fazenda, Henrique Meirelles, e est\u00e1 longe de apoiar os servidores no principal pleito da campanha salarial de 2015,<br \/>\n<\/span><\/span><\/p>\n<p align=\"JUSTIFY\"><span style=\"font-family: Utopia,sans-serif\"><span style=\"font-size: small\">Um dos itens do acordo assinado entre os funcion\u00e1rios e o governo, em 2015, era o alinhamento remunerat\u00f3rio com os auditores da Receita. No entanto, a carreiras do ciclo de gest\u00e3o ficaram com \u00edndice de 21,3%, em quatro anos, e as do Fisco ganharam at\u00e9 52,63%, no per\u00edodo \u2014 inclu\u00eddo o b\u00f4nus de efici\u00eancia, de R$ 3 mil neste ano e poder\u00e1 ultrapassar R$ 5 mil no pr\u00f3ximo.<\/span><\/span><\/p>\n<p align=\"JUSTIFY\">A assessoria da STN, at\u00e9 o final da noite de ontem, n\u00e3o respondeu \u00e0s perguntas da rep\u00f3rter.<\/p>\n<p align=\"JUSTIFY\">]<\/p>\n","protected":false},"excerpt":{"rendered":"<p>At\u00e9 t\u00e9cnicos do governo ligados \u00e0 secret\u00e1ria do Tesouro Nacional definiram a atua\u00e7\u00e3o &#8211; em rela\u00e7\u00e3o aos pleitos dos servidores &#8211; de Ana Paula Vescovi de \u201csofr\u00edvel\u201d. O discurso dela \u00e9 o mesmo, sempre para refor\u00e7ar que a carreira precisa ficar motivada e engajada na recupera\u00e7\u00e3o do pa\u00eds. Nos bastidores, dizem eles, ela ironiza seus pares. \u201cQuando foi anunciada a [&hellip;]<\/p>\n","protected":false},"author":27,"featured_media":0,"comment_status":"open","ping_status":"closed","sticky":false,"template":"","format":"standard","meta":{"footnotes":""},"categories":[2719],"tags":[3251,791,3253,3252,1273,12,3250,1237,58,1664,593],"class_list":["post-2615","post","type-post","status-publish","format-standard","hentry","category-servidor","tag-bastidores","tag-cargos","tag-conselhos","tag-debochou","tag-entrega","tag-fiscais","tag-ironia","tag-pleitos","tag-servidores","tag-stn","tag-tesouro-nacional"],"_links":{"self":[{"href":"https:\/\/blogs.correiobraziliense.com.br\/servidor\/wp-json\/wp\/v2\/posts\/2615","targetHints":{"allow":["GET"]}}],"collection":[{"href":"https:\/\/blogs.correiobraziliense.com.br\/servidor\/wp-json\/wp\/v2\/posts"}],"about":[{"href":"https:\/\/blogs.correiobraziliense.com.br\/servidor\/wp-json\/wp\/v2\/types\/post"}],"author":[{"embeddable":true,"href":"https:\/\/blogs.correiobraziliense.com.br\/servidor\/wp-json\/wp\/v2\/users\/27"}],"replies":[{"embeddable":true,"href":"https:\/\/blogs.correiobraziliense.com.br\/servidor\/wp-json\/wp\/v2\/comments?post=2615"}],"version-history":[{"count":1,"href":"https:\/\/blogs.correiobraziliense.com.br\/servidor\/wp-json\/wp\/v2\/posts\/2615\/revisions"}],"predecessor-version":[{"id":2616,"href":"https:\/\/blogs.correiobraziliense.com.br\/servidor\/wp-json\/wp\/v2\/posts\/2615\/revisions\/2616"}],"wp:attachment":[{"href":"https:\/\/blogs.correiobraziliense.com.br\/servidor\/wp-json\/wp\/v2\/media?parent=2615"}],"wp:term":[{"taxonomy":"category","embeddable":true,"href":"https:\/\/blogs.correiobraziliense.com.br\/servidor\/wp-json\/wp\/v2\/categories?post=2615"},{"taxonomy":"post_tag","embeddable":true,"href":"https:\/\/blogs.correiobraziliense.com.br\/servidor\/wp-json\/wp\/v2\/tags?post=2615"}],"curies":[{"name":"wp","href":"https:\/\/api.w.org\/{rel}","templated":true}]}}