{"id":2600,"date":"2016-08-08T14:56:51","date_gmt":"2016-08-08T17:56:51","guid":{"rendered":"https:\/\/blogs.correiobraziliense.com.br\/servidor\/?p=2600"},"modified":"2016-08-08T14:56:51","modified_gmt":"2016-08-08T17:56:51","slug":"ministerio-do-trabalho-lanca-novo-portal","status":"publish","type":"post","link":"https:\/\/blogs.correiobraziliense.com.br\/servidor\/ministerio-do-trabalho-lanca-novo-portal\/","title":{"rendered":"Minist\u00e9rio do Trabalho lan\u00e7a novo portal"},"content":{"rendered":"<p><span style=\"font-family: Times New Roman;font-size: medium\">Site <i>trabalho.gov.br, que come\u00e7a a funcionar<\/i> nesta segunda-feira, tem apenas informa\u00e7\u00f5es sobre trabalho<\/span><\/p>\n<div align=\"left\"><span style=\"font-family: Times New Roman;font-size: medium\">A partir desta segunda-feira (8), o portal do Minist\u00e9rio do Trabalho e Previd\u00eancia Social volta a ser Minist\u00e9rio do Trabalho. A mudan\u00e7a ocorre no final do dia de hoje. O endere\u00e7o do site passa a ser <a title=\"blocked::http:\/\/www.trabalho.gov.br\/\" href=\"http:\/\/www.trabalho.gov.br\"><span style=\"color: blue\" title=\"blocked::http:\/\/www.trabalho.gov.br\/\"><u title=\"blocked::http:\/\/www.trabalho.gov.br\/\">www.trabalho.gov.br<\/u><\/span><\/a> e ter\u00e1 apenas as informa\u00e7\u00f5es relacionadas a esse tema.\u00a0<\/span><\/div>\n<div align=\"left\"><\/div>\n<div align=\"left\"><span style=\"font-family: Times New Roman;font-size: medium\"><span style=\"font-size: 12pt\">Todas as informa\u00e7\u00f5es relativas \u00e0 Previd\u00eancia Social e os servi\u00e7os do INSS est\u00e3o dispon\u00edveis no portal <a title=\"blocked::http:\/\/www.previdencia.gov.br\/\" href=\"http:\/\/www.previdencia.gov.br\"><span style=\"color: blue\" title=\"blocked::http:\/\/www.previdencia.gov.br\/\"><u title=\"blocked::http:\/\/www.previdencia.gov.br\/\">www.previdencia.gov.br<\/u><\/span><\/a>. No novo endere\u00e7o \u00e9 poss\u00edvel acessar as pol\u00edticas de previd\u00eancia, dados estat\u00edsticos e not\u00edcias, al\u00e9m dos servi\u00e7os do INSS &#8211; como agendamento de benef\u00edcios e simula\u00e7\u00e3o de aposentadorias.<\/span><\/span><\/div>\n<div align=\"left\"><\/div>\n<div align=\"left\"><span style=\"font-family: Times New Roman;font-size: medium\">A mudan\u00e7a ocorre devido \u00e0 nova estrutura administrativa anunciada pelo presidente interino, Michel Temer, em maio deste ano. A <a title=\"blocked::http:\/\/www.planalto.gov.br\/ccivil_03\/_Ato2015-2018\/2016\/Mpv\/mpv726.htm\" href=\"http:\/\/www.planalto.gov.br\/ccivil_03\/_Ato2015-2018\/2016\/Mpv\/mpv726.htm\"><span style=\"color: blue\" title=\"blocked::http:\/\/www.planalto.gov.br\/ccivil_03\/_Ato2015-2018\/2016\/Mpv\/mpv726.htm\"><u title=\"blocked::http:\/\/www.planalto.gov.br\/ccivil_03\/_Ato2015-2018\/2016\/Mpv\/mpv726.htm\">Medida Provis\u00f3ria 726<\/u><\/span><\/a>\u00a0desvinculou a Previd\u00eancia Social do Minist\u00e9rio do Trabalho. A MP criou ainda a Secretaria da Previd\u00eancia Social, que faz parte da estrutura do Minist\u00e9rio da Fazenda.<\/span><\/div>\n<div align=\"left\"><\/div>\n<div align=\"left\"><span style=\"font-family: Times New Roman;font-size: medium\"><span style=\"font-size: 12pt\"><b>Redes sociais &#8211;<\/b> As redes sociais Facebook, Twitter, Youtube e Flickr tamb\u00e9m estar\u00e3o separadas a partir desta segunda. Para tirar d\u00favidas e conhecer mais sobre trabalho e previd\u00eancia social conhe\u00e7a os novos canais de cada tema:<\/span><\/span><\/div>\n<div align=\"left\"><span style=\"font-family: Times New Roman;font-size: medium\"><span style=\"font-size: 12pt\"><img decoding=\"async\" src=\"75CC1AC9DEA8FD4E9A260A47514CC2C6@mte.gov.br\" alt=\"\" \/><\/span><\/span><\/div>\n","protected":false},"excerpt":{"rendered":"<p>Site trabalho.gov.br, que come\u00e7a a funcionar nesta segunda-feira, tem apenas informa\u00e7\u00f5es sobre trabalho A partir desta segunda-feira (8), o portal do Minist\u00e9rio do Trabalho e Previd\u00eancia Social volta a ser Minist\u00e9rio do Trabalho. A mudan\u00e7a ocorre no final do dia de hoje. O endere\u00e7o do site passa a ser www.trabalho.gov.br e ter\u00e1 apenas as informa\u00e7\u00f5es relacionadas a esse tema.\u00a0 Todas [&hellip;]<\/p>\n","protected":false},"author":27,"featured_media":0,"comment_status":"open","ping_status":"closed","sticky":false,"template":"","format":"standard","meta":{"footnotes":""},"categories":[2719],"tags":[11,1228,2841,924,3235,549,3236,707],"class_list":["post-2600","post","type-post","status-publish","format-standard","hentry","category-servidor","tag-inss","tag-lanca","tag-ministerio-do-trabalho","tag-novo","tag-portal","tag-previdencia","tag-redes","tag-sociais"],"_links":{"self":[{"href":"https:\/\/blogs.correiobraziliense.com.br\/servidor\/wp-json\/wp\/v2\/posts\/2600","targetHints":{"allow":["GET"]}}],"collection":[{"href":"https:\/\/blogs.correiobraziliense.com.br\/servidor\/wp-json\/wp\/v2\/posts"}],"about":[{"href":"https:\/\/blogs.correiobraziliense.com.br\/servidor\/wp-json\/wp\/v2\/types\/post"}],"author":[{"embeddable":true,"href":"https:\/\/blogs.correiobraziliense.com.br\/servidor\/wp-json\/wp\/v2\/users\/27"}],"replies":[{"embeddable":true,"href":"https:\/\/blogs.correiobraziliense.com.br\/servidor\/wp-json\/wp\/v2\/comments?post=2600"}],"version-history":[{"count":1,"href":"https:\/\/blogs.correiobraziliense.com.br\/servidor\/wp-json\/wp\/v2\/posts\/2600\/revisions"}],"predecessor-version":[{"id":2601,"href":"https:\/\/blogs.correiobraziliense.com.br\/servidor\/wp-json\/wp\/v2\/posts\/2600\/revisions\/2601"}],"wp:attachment":[{"href":"https:\/\/blogs.correiobraziliense.com.br\/servidor\/wp-json\/wp\/v2\/media?parent=2600"}],"wp:term":[{"taxonomy":"category","embeddable":true,"href":"https:\/\/blogs.correiobraziliense.com.br\/servidor\/wp-json\/wp\/v2\/categories?post=2600"},{"taxonomy":"post_tag","embeddable":true,"href":"https:\/\/blogs.correiobraziliense.com.br\/servidor\/wp-json\/wp\/v2\/tags?post=2600"}],"curies":[{"name":"wp","href":"https:\/\/api.w.org\/{rel}","templated":true}]}}