{"id":2598,"date":"2016-08-08T14:51:05","date_gmt":"2016-08-08T17:51:05","guid":{"rendered":"https:\/\/blogs.correiobraziliense.com.br\/servidor\/?p=2598"},"modified":"2016-08-08T14:51:05","modified_gmt":"2016-08-08T17:51:05","slug":"meirelles-comenta-o-plp-257","status":"publish","type":"post","link":"https:\/\/blogs.correiobraziliense.com.br\/servidor\/meirelles-comenta-o-plp-257\/","title":{"rendered":"Meirelles comenta o PLP 257"},"content":{"rendered":"<p>O ministro da Fazenda, Henrique Meirelles, vai falar daqui a pouco sobre o Projeto de Lei Complementar (PLP) 257\/16, que trata da renegocia\u00e7\u00e3o das d\u00edvidas dos Estados com a Uni\u00e3o.<\/p>\n<p>A entrevista come\u00e7ar\u00e1 \u00e0s 15h30, no audit\u00f3rio do edif\u00edcio-sede do Minist\u00e9rio da Fazenda, em Bras\u00edlia<\/p>\n<p>&nbsp;<\/p>\n","protected":false},"excerpt":{"rendered":"<p>O ministro da Fazenda, Henrique Meirelles, vai falar daqui a pouco sobre o Projeto de Lei Complementar (PLP) 257\/16, que trata da renegocia\u00e7\u00e3o das d\u00edvidas dos Estados com a Uni\u00e3o. A entrevista come\u00e7ar\u00e1 \u00e0s 15h30, no audit\u00f3rio do edif\u00edcio-sede do Minist\u00e9rio da Fazenda, em Bras\u00edlia &nbsp;<\/p>\n","protected":false},"author":27,"featured_media":0,"comment_status":"open","ping_status":"closed","sticky":false,"template":"","format":"standard","meta":{"footnotes":""},"categories":[2719],"tags":[2507,302,2111,3084],"class_list":["post-2598","post","type-post","status-publish","format-standard","hentry","category-servidor","tag-comenta","tag-fazenda","tag-meirelles","tag-plp-257"],"_links":{"self":[{"href":"https:\/\/blogs.correiobraziliense.com.br\/servidor\/wp-json\/wp\/v2\/posts\/2598","targetHints":{"allow":["GET"]}}],"collection":[{"href":"https:\/\/blogs.correiobraziliense.com.br\/servidor\/wp-json\/wp\/v2\/posts"}],"about":[{"href":"https:\/\/blogs.correiobraziliense.com.br\/servidor\/wp-json\/wp\/v2\/types\/post"}],"author":[{"embeddable":true,"href":"https:\/\/blogs.correiobraziliense.com.br\/servidor\/wp-json\/wp\/v2\/users\/27"}],"replies":[{"embeddable":true,"href":"https:\/\/blogs.correiobraziliense.com.br\/servidor\/wp-json\/wp\/v2\/comments?post=2598"}],"version-history":[{"count":1,"href":"https:\/\/blogs.correiobraziliense.com.br\/servidor\/wp-json\/wp\/v2\/posts\/2598\/revisions"}],"predecessor-version":[{"id":2599,"href":"https:\/\/blogs.correiobraziliense.com.br\/servidor\/wp-json\/wp\/v2\/posts\/2598\/revisions\/2599"}],"wp:attachment":[{"href":"https:\/\/blogs.correiobraziliense.com.br\/servidor\/wp-json\/wp\/v2\/media?parent=2598"}],"wp:term":[{"taxonomy":"category","embeddable":true,"href":"https:\/\/blogs.correiobraziliense.com.br\/servidor\/wp-json\/wp\/v2\/categories?post=2598"},{"taxonomy":"post_tag","embeddable":true,"href":"https:\/\/blogs.correiobraziliense.com.br\/servidor\/wp-json\/wp\/v2\/tags?post=2598"}],"curies":[{"name":"wp","href":"https:\/\/api.w.org\/{rel}","templated":true}]}}