{"id":2596,"date":"2016-08-08T14:38:31","date_gmt":"2016-08-08T17:38:31","guid":{"rendered":"https:\/\/blogs.correiobraziliense.com.br\/servidor\/?p=2596"},"modified":"2016-08-08T14:38:31","modified_gmt":"2016-08-08T17:38:31","slug":"deputado-pimenta-aciona-mpf-para-garantir-liberdade-de-manifestacao-durante-olimpiadas","status":"publish","type":"post","link":"https:\/\/blogs.correiobraziliense.com.br\/servidor\/deputado-pimenta-aciona-mpf-para-garantir-liberdade-de-manifestacao-durante-olimpiadas\/","title":{"rendered":"MPF \u00e9 acionado para garantir liberdade de manifesta\u00e7\u00e3o durante Olimp\u00edadas"},"content":{"rendered":"<p><em>No documento encaminhado nesta segunda-feira (8) ao chefe do MPF, Rodrigo Janot, o deputado Paulo Pimenta questiona a interpreta\u00e7\u00e3o do artigo 28 da Lei Geral das Olimp\u00edadas &#8211;\u00a0 Lei n\u00ba 13.284, de 10\/05\/2016, pela organiza\u00e7\u00e3o dos Jogos Ol\u00edmpicos, que tem se utilizado desse dispositivo para praticar atos de repress\u00e3o, censura e at\u00e9 a retirada de pessoas dos locais de competi\u00e7\u00e3o.\u00a0<\/em><\/p>\n<p>Ap\u00f3s os in\u00fameros casos de viol\u00eancia e repress\u00e3o contra pessoas que se manifestam pacificamente durante as Olimp\u00edadas 2016, o deputado federal Paulo Pimenta (PT-RS) acionou o Minist\u00e9rio P\u00fablico Federal pedindo \u201cprovid\u00eancias urgentes\u201d para que sejam &#8220;coibidos os abusos das for\u00e7as de seguran\u00e7a&#8221; que atuam nos Jogos Ol\u00edmpicos ou pela organiza\u00e7\u00e3o do evento, e garantida a plena liberdade de manifesta\u00e7\u00e3o, prevista na Constitui\u00e7\u00e3o Federal.<\/p>\n<p>De acordo com o parlamentar, a interpreta\u00e7\u00e3o dos organizadores dos Jogos Ol\u00edmpicos contraria a pr\u00f3pria Lei Geral das Olimp\u00edadas e o entendimento do STF sobre o assunto. \u201cAs manifesta\u00e7\u00f5es de teor pol\u00edtico como a utiliza\u00e7\u00e3o de camisetas e cartazes de papel com dizeres \u201c<em>Fora Temer<\/em>\u201d, \u201c<em>Stop coup in Brazil<\/em>\u201d e outros semelhantes n\u00e3o ferem a Lei Geral das Olimp\u00edadas. Bem assim, nas competi\u00e7\u00f5es em que o silencio n\u00e3o \u00e9 condi\u00e7\u00e3o para a pr\u00e1tica do esporte, a manifesta\u00e7\u00e3o oral com dizeres como <em>\u201cFora Temer\u201d<\/em> tamb\u00e9m n\u00e3o se enquadra nas limita\u00e7\u00f5es impostas pela legisla\u00e7\u00e3o para perman\u00eancia nos locais de competi\u00e7\u00e3o das Olimp\u00edadas\u201d, contesta o deputado.<\/p>\n<p>No pedido de provid\u00eancias, o deputado Pimenta lembra que durante a Copa do Mundo de Futebol de 2014, realizada no Brasil, o Supremo Tribunal Federal foi instado a se manifestar acerca de dispositivo da Lei n\u00ba 12.663\/12 (Lei Geral da Copa) que tratava sobre o mesmo tema. Segundo Pimenta, naquela oportunidade o STF deliberou que \u201co intuito da Lei seria vedar manifesta\u00e7\u00f5es de racismo e n\u00e3o restringir express\u00f5es pac\u00edficas do p\u00fablico\u201d.<\/p>\n<p>Tamb\u00e9m nesta segunda-feira, a Comiss\u00e3o de Direitos Humanos e Minorias da C\u00e2mara dos Deputados, por meio do seu presidente, o deputado federal Padre Jo\u00e3o (PT-MG), informou que buscar\u00e1 medidas junto ao Minist\u00e9rio P\u00fablico Federal para garantir a liberdade de manifesta\u00e7\u00e3o durante os Jogos Ol\u00edmpicos.<\/p>\n","protected":false},"excerpt":{"rendered":"<p>No documento encaminhado nesta segunda-feira (8) ao chefe do MPF, Rodrigo Janot, o deputado Paulo Pimenta questiona a interpreta\u00e7\u00e3o do artigo 28 da Lei Geral das Olimp\u00edadas &#8211;\u00a0 Lei n\u00ba 13.284, de 10\/05\/2016, pela organiza\u00e7\u00e3o dos Jogos Ol\u00edmpicos, que tem se utilizado desse dispositivo para praticar atos de repress\u00e3o, censura e at\u00e9 a retirada de pessoas dos locais de competi\u00e7\u00e3o.\u00a0 [&hellip;]<\/p>\n","protected":false},"author":27,"featured_media":0,"comment_status":"open","ping_status":"closed","sticky":false,"template":"","format":"standard","meta":{"footnotes":""},"categories":[2719],"tags":[3232,651,2080,3234,1755,1757,1151,453,1179,3233,2274],"class_list":["post-2596","post","type-post","status-publish","format-standard","hentry","category-servidor","tag-acionado","tag-atos","tag-censura","tag-competicao","tag-garantir","tag-liberdade","tag-manifestacao","tag-mpf","tag-olimpiadas","tag-repressao","tag-retirada"],"_links":{"self":[{"href":"https:\/\/blogs.correiobraziliense.com.br\/servidor\/wp-json\/wp\/v2\/posts\/2596","targetHints":{"allow":["GET"]}}],"collection":[{"href":"https:\/\/blogs.correiobraziliense.com.br\/servidor\/wp-json\/wp\/v2\/posts"}],"about":[{"href":"https:\/\/blogs.correiobraziliense.com.br\/servidor\/wp-json\/wp\/v2\/types\/post"}],"author":[{"embeddable":true,"href":"https:\/\/blogs.correiobraziliense.com.br\/servidor\/wp-json\/wp\/v2\/users\/27"}],"replies":[{"embeddable":true,"href":"https:\/\/blogs.correiobraziliense.com.br\/servidor\/wp-json\/wp\/v2\/comments?post=2596"}],"version-history":[{"count":1,"href":"https:\/\/blogs.correiobraziliense.com.br\/servidor\/wp-json\/wp\/v2\/posts\/2596\/revisions"}],"predecessor-version":[{"id":2597,"href":"https:\/\/blogs.correiobraziliense.com.br\/servidor\/wp-json\/wp\/v2\/posts\/2596\/revisions\/2597"}],"wp:attachment":[{"href":"https:\/\/blogs.correiobraziliense.com.br\/servidor\/wp-json\/wp\/v2\/media?parent=2596"}],"wp:term":[{"taxonomy":"category","embeddable":true,"href":"https:\/\/blogs.correiobraziliense.com.br\/servidor\/wp-json\/wp\/v2\/categories?post=2596"},{"taxonomy":"post_tag","embeddable":true,"href":"https:\/\/blogs.correiobraziliense.com.br\/servidor\/wp-json\/wp\/v2\/tags?post=2596"}],"curies":[{"name":"wp","href":"https:\/\/api.w.org\/{rel}","templated":true}]}}