{"id":2594,"date":"2016-08-08T14:16:00","date_gmt":"2016-08-08T17:16:00","guid":{"rendered":"https:\/\/blogs.correiobraziliense.com.br\/servidor\/?p=2594"},"modified":"2016-08-08T14:16:00","modified_gmt":"2016-08-08T17:16:00","slug":"tcu-debate-revitalizacao-do-rio-sao-francisco","status":"publish","type":"post","link":"https:\/\/blogs.correiobraziliense.com.br\/servidor\/tcu-debate-revitalizacao-do-rio-sao-francisco\/","title":{"rendered":"TCU debate revitaliza\u00e7\u00e3o do rio S\u00e3o Francisco"},"content":{"rendered":"<p><em>O Programa de Revitaliza\u00e7\u00e3o do Rio S\u00e3o Francisco (PRSF) ser\u00e1 tema de encontro organizado pelo Tribunal de Contas da Uni\u00e3o (TCU) no pr\u00f3ximo dia 11 de agosto<\/em><\/p>\n<p>Aberto aos servidores p\u00fablicos e \u00e0 sociedade, o evento \u00e9 uma oportunidade para conhecer a\u00e7\u00f5es e projetos governamentais voltados para a sustentabilidade socioambiental.<\/p>\n<p>Entre os pain\u00e9is, est\u00e3o \u201cOrigem, contexto atual e perspectiva do Programa de Revitaliza\u00e7\u00e3o do Rio S\u00e3o Francisco (PRSF) \u201d, \u201cQuais s\u00e3o os desafios na gest\u00e3o dos recursos naturais\u201d e \u201cComo assegurar \u00e1gua para usos m\u00faltiplos na bacia do S\u00e3o Francisco\u201d.<\/p>\n<p>Em auditoria no PRSF, o TCU constatou que a \u00e1rea de recupera\u00e7\u00e3o e controle de processos erosivos recebe pequena parcela dos recursos destinados \u00e0 revitaliza\u00e7\u00e3o, comparativamente \u00e0s obras de saneamento. Al\u00e9m disso, as atividades est\u00e3o dispersas, sendo insuficientes para reverter o quadro de degrada\u00e7\u00e3o da Bacia, o que coloca em risco os recursos h\u00eddricos e compromete os mananciais.<\/p>\n<p>O evento contar\u00e1 com a presen\u00e7a do presidente do TCU, ministro Aroldo Cedraz, do ministro do TCU Augusto Nardes, do ministro do Meio Ambiente, Sarney Filho, e do ministro da Integra\u00e7\u00e3o, Helder Barbalho.<\/p>\n<p>Veja a programa\u00e7\u00e3o completa do semin\u00e1rio <a href=\"http:\/\/portal.tcu.gov.br\/dialogo-publico\/\" target=\"_blank\">aqui.<\/a><\/p>\n<p>&nbsp;<\/p>\n<p><b>Servi\u00e7o:<\/b><\/p>\n<p><span class=\"il\">Di<\/span>\u00e1logo P\u00fablico: Revitaliza\u00e7\u00e3o do S\u00e3o Francisco<\/p>\n<p>11 de outubro de 2016<\/p>\n<p>Abertura \u00e0s 8h30<\/p>\n<p>Audit\u00f3rio Ministro Pereira Lira &#8211; Sede TCU<\/p>\n<div><\/div>\n","protected":false},"excerpt":{"rendered":"<p>O Programa de Revitaliza\u00e7\u00e3o do Rio S\u00e3o Francisco (PRSF) ser\u00e1 tema de encontro organizado pelo Tribunal de Contas da Uni\u00e3o (TCU) no pr\u00f3ximo dia 11 de agosto Aberto aos servidores p\u00fablicos e \u00e0 sociedade, o evento \u00e9 uma oportunidade para conhecer a\u00e7\u00f5es e projetos governamentais voltados para a sustentabilidade socioambiental. Entre os pain\u00e9is, est\u00e3o \u201cOrigem, contexto atual e perspectiva do [&hellip;]<\/p>\n","protected":false},"author":27,"featured_media":0,"comment_status":"open","ping_status":"closed","sticky":false,"template":"","format":"standard","meta":{"footnotes":""},"categories":[2719],"tags":[847,3230,1300,3228,3229,58,351,3231,635],"class_list":["post-2594","post","type-post","status-publish","format-standard","hentry","category-servidor","tag-debate","tag-governamentais","tag-projetos","tag-revitalizacao","tag-rio-sao-francisco","tag-servidores","tag-sociedade","tag-sustentabilidade","tag-tcu"],"_links":{"self":[{"href":"https:\/\/blogs.correiobraziliense.com.br\/servidor\/wp-json\/wp\/v2\/posts\/2594","targetHints":{"allow":["GET"]}}],"collection":[{"href":"https:\/\/blogs.correiobraziliense.com.br\/servidor\/wp-json\/wp\/v2\/posts"}],"about":[{"href":"https:\/\/blogs.correiobraziliense.com.br\/servidor\/wp-json\/wp\/v2\/types\/post"}],"author":[{"embeddable":true,"href":"https:\/\/blogs.correiobraziliense.com.br\/servidor\/wp-json\/wp\/v2\/users\/27"}],"replies":[{"embeddable":true,"href":"https:\/\/blogs.correiobraziliense.com.br\/servidor\/wp-json\/wp\/v2\/comments?post=2594"}],"version-history":[{"count":1,"href":"https:\/\/blogs.correiobraziliense.com.br\/servidor\/wp-json\/wp\/v2\/posts\/2594\/revisions"}],"predecessor-version":[{"id":2595,"href":"https:\/\/blogs.correiobraziliense.com.br\/servidor\/wp-json\/wp\/v2\/posts\/2594\/revisions\/2595"}],"wp:attachment":[{"href":"https:\/\/blogs.correiobraziliense.com.br\/servidor\/wp-json\/wp\/v2\/media?parent=2594"}],"wp:term":[{"taxonomy":"category","embeddable":true,"href":"https:\/\/blogs.correiobraziliense.com.br\/servidor\/wp-json\/wp\/v2\/categories?post=2594"},{"taxonomy":"post_tag","embeddable":true,"href":"https:\/\/blogs.correiobraziliense.com.br\/servidor\/wp-json\/wp\/v2\/tags?post=2594"}],"curies":[{"name":"wp","href":"https:\/\/api.w.org\/{rel}","templated":true}]}}