{"id":2572,"date":"2016-08-05T14:26:07","date_gmt":"2016-08-05T17:26:07","guid":{"rendered":"https:\/\/blogs.correiobraziliense.com.br\/servidor\/?p=2572"},"modified":"2016-08-05T14:26:07","modified_gmt":"2016-08-05T17:26:07","slug":"unacon-sindical-repudia-exoneracao-de-assessora-de-imprensa-da-cgu","status":"publish","type":"post","link":"https:\/\/blogs.correiobraziliense.com.br\/servidor\/unacon-sindical-repudia-exoneracao-de-assessora-de-imprensa-da-cgu\/","title":{"rendered":"Unacon Sindical repudia exonera\u00e7\u00e3o de assessora de imprensa da CGU"},"content":{"rendered":"<p><span class=\"chamada\">Gisele de Melo, servidora de carreira, foi afastada de sua \u00e1rea de trabalho e tamb\u00e9m proibida de permanecer no setor de origem. \u201cO fato, somado \u00e0 recente exonera\u00e7\u00e3o do corregedor-adjunto da \u00e1rea de infraestrutura, provocou a indigna\u00e7\u00e3o dos servidores\u201d, destaca nota\u00a0<\/span><\/p>\n<p>&nbsp;<\/p>\n<p><img decoding=\"async\" src=\"http:\/\/www.unacon.org.br\/uploads\/nota-de-repa-dio-tj86ccf0cfceafa753f2c35e818abeaeef.jpg\" alt=\"\" \/><\/p>\n","protected":false},"excerpt":{"rendered":"<p>Gisele de Melo, servidora de carreira, foi afastada de sua \u00e1rea de trabalho e tamb\u00e9m proibida de permanecer no setor de origem. \u201cO fato, somado \u00e0 recente exonera\u00e7\u00e3o do corregedor-adjunto da \u00e1rea de infraestrutura, provocou a indigna\u00e7\u00e3o dos servidores\u201d, destaca nota\u00a0 &nbsp;<\/p>\n","protected":false},"author":27,"featured_media":0,"comment_status":"open","ping_status":"closed","sticky":false,"template":"","format":"standard","meta":{"footnotes":""},"categories":[2719],"tags":[3204,2035,908,1181,650,3176,303],"class_list":["post-2572","post","type-post","status-publish","format-standard","hentry","category-servidor","tag-assessora","tag-cgu","tag-exoneracao","tag-imprensa","tag-repudia","tag-torquato-jardim","tag-unacon"],"_links":{"self":[{"href":"https:\/\/blogs.correiobraziliense.com.br\/servidor\/wp-json\/wp\/v2\/posts\/2572","targetHints":{"allow":["GET"]}}],"collection":[{"href":"https:\/\/blogs.correiobraziliense.com.br\/servidor\/wp-json\/wp\/v2\/posts"}],"about":[{"href":"https:\/\/blogs.correiobraziliense.com.br\/servidor\/wp-json\/wp\/v2\/types\/post"}],"author":[{"embeddable":true,"href":"https:\/\/blogs.correiobraziliense.com.br\/servidor\/wp-json\/wp\/v2\/users\/27"}],"replies":[{"embeddable":true,"href":"https:\/\/blogs.correiobraziliense.com.br\/servidor\/wp-json\/wp\/v2\/comments?post=2572"}],"version-history":[{"count":1,"href":"https:\/\/blogs.correiobraziliense.com.br\/servidor\/wp-json\/wp\/v2\/posts\/2572\/revisions"}],"predecessor-version":[{"id":2573,"href":"https:\/\/blogs.correiobraziliense.com.br\/servidor\/wp-json\/wp\/v2\/posts\/2572\/revisions\/2573"}],"wp:attachment":[{"href":"https:\/\/blogs.correiobraziliense.com.br\/servidor\/wp-json\/wp\/v2\/media?parent=2572"}],"wp:term":[{"taxonomy":"category","embeddable":true,"href":"https:\/\/blogs.correiobraziliense.com.br\/servidor\/wp-json\/wp\/v2\/categories?post=2572"},{"taxonomy":"post_tag","embeddable":true,"href":"https:\/\/blogs.correiobraziliense.com.br\/servidor\/wp-json\/wp\/v2\/tags?post=2572"}],"curies":[{"name":"wp","href":"https:\/\/api.w.org\/{rel}","templated":true}]}}