{"id":2555,"date":"2016-08-04T19:33:12","date_gmt":"2016-08-04T22:33:12","guid":{"rendered":"https:\/\/blogs.correiobraziliense.com.br\/servidor\/?p=2555"},"modified":"2016-08-04T19:33:12","modified_gmt":"2016-08-04T22:33:12","slug":"servidores-do-itamaraty-aprovam-indicativo-de-greve","status":"publish","type":"post","link":"https:\/\/blogs.correiobraziliense.com.br\/servidor\/servidores-do-itamaraty-aprovam-indicativo-de-greve\/","title":{"rendered":"Servidores do Itamaraty aprovam indicativo de greve"},"content":{"rendered":"<div>\n<p>O Sindicato Nacional dos Servidores do Minist\u00e9rio das Rela\u00e7\u00f5es Exteriores (Sinditamaraty) informou que os filiados aprovaram indicativo de greve em vota\u00e7\u00e3o online, conclu\u00edda \u00e0s 15h desta quinta-feira (04). A categoria se re\u00fane em assembleia, amanh\u00e3, sexta-feira (05), para discutir os pr\u00f3ximos passos do movimento pela equipara\u00e7\u00e3o salarial do Servi\u00e7o Exterior Brasileiro \u00e0s demais carreiras t\u00edpicas de Estado.<\/p>\n<p>A vota\u00e7\u00e3o teve participa\u00e7\u00e3o de 1.298 servidores. Foram anulados sete votos &#8211; seis por duplicidade e um voto de pessoa estranha \u00e0 categoria. No total, 56,24% votaram a favor do indicativo de greve e 43,22% contra.<\/p>\n<p>Na \u00faltima semana de julho, a categoria chegou a concordar com o reajuste salarial de 10,8%, para janeiro de 2017, com a condi\u00e7\u00e3o de que houvesse um comprometimento em discutir e aplicar a equipara\u00e7\u00e3o salarial do servi\u00e7o Exterior Brasileiro \u00e0s demais carreiras t\u00edpicas de Estado j\u00e1 em 2018. Contudo, as negocia\u00e7\u00f5es fracassaram ap\u00f3s o Minist\u00e9rio do Planejamento Desenvolvimento e Gest\u00e3o comunicar que n\u00e3o poderia firmar o acordo com a vincula\u00e7\u00e3o \u00e0 equipara\u00e7\u00e3o e nem admitir, em princ\u00edpio, que estava de acordo com a medida.<\/p>\n<p>Segundo a presidente do Sinditamaraty, Suellen Paz, a partir de agora, a greve pode acontecer a qualquer momento se n\u00e3o houver resposta do governo federal ao pleito categoria. O \u00faltimo acordo salarial assinado pelo sindicato foi em 2012. Na \u00e9poca, a categoria aceitou apenas o reajuste inflacion\u00e1rio com a condi\u00e7\u00e3o de que fosse discutida, durante a vig\u00eancia do acordo, a equipara\u00e7\u00e3o salarial.<\/p>\n<p>\u201cHoje a defasagem salarial no Itamaraty ultrapassa 30%, a depender da carreira. N\u00e3o podemos aceitar apenas o reajuste salarial sem uma perspectiva de corre\u00e7\u00e3o desse demanda, represada h\u00e1 anos\u201d, explica a presidente.<\/p>\n<p>Suellen destaca tamb\u00e9m que o cen\u00e1rio de negocia\u00e7\u00e3o que j\u00e1 era complicado ficou ainda mais dif\u00edcil diante de mat\u00e9rias propostas pelo legislativo. Entre elas, a Proposta de Emenda \u00e0 Constitui\u00e7\u00e3o (PEC) 241\/2016 o Projeto de Lei Complementar (PLP) 257\/2016, que est\u00e3o na pauta de vota\u00e7\u00e3o da C\u00e2mara dos Deputados e trazem preju\u00edzos aos servidores e comprometem acordos em negocia\u00e7\u00e3o.<\/p>\n<\/div>\n","protected":false},"excerpt":{"rendered":"<p>O Sindicato Nacional dos Servidores do Minist\u00e9rio das Rela\u00e7\u00f5es Exteriores (Sinditamaraty) informou que os filiados aprovaram indicativo de greve em vota\u00e7\u00e3o online, conclu\u00edda \u00e0s 15h desta quinta-feira (04). A categoria se re\u00fane em assembleia, amanh\u00e3, sexta-feira (05), para discutir os pr\u00f3ximos passos do movimento pela equipara\u00e7\u00e3o salarial do Servi\u00e7o Exterior Brasileiro \u00e0s demais carreiras t\u00edpicas de Estado. A vota\u00e7\u00e3o teve [&hellip;]<\/p>\n","protected":false},"author":27,"featured_media":0,"comment_status":"open","ping_status":"closed","sticky":false,"template":"","format":"standard","meta":{"footnotes":""},"categories":[2719],"tags":[375,55,1371,56,15,1683,1869,2126,63,18,58,2122],"class_list":["post-2555","post","type-post","status-publish","format-standard","hentry","category-servidor","tag-aprovam","tag-carreiras","tag-equiparacao","tag-estado","tag-greve","tag-indicativo","tag-itamaraty","tag-mre","tag-reajuste","tag-salarial","tag-servidores","tag-sinditamaraty"],"_links":{"self":[{"href":"https:\/\/blogs.correiobraziliense.com.br\/servidor\/wp-json\/wp\/v2\/posts\/2555","targetHints":{"allow":["GET"]}}],"collection":[{"href":"https:\/\/blogs.correiobraziliense.com.br\/servidor\/wp-json\/wp\/v2\/posts"}],"about":[{"href":"https:\/\/blogs.correiobraziliense.com.br\/servidor\/wp-json\/wp\/v2\/types\/post"}],"author":[{"embeddable":true,"href":"https:\/\/blogs.correiobraziliense.com.br\/servidor\/wp-json\/wp\/v2\/users\/27"}],"replies":[{"embeddable":true,"href":"https:\/\/blogs.correiobraziliense.com.br\/servidor\/wp-json\/wp\/v2\/comments?post=2555"}],"version-history":[{"count":1,"href":"https:\/\/blogs.correiobraziliense.com.br\/servidor\/wp-json\/wp\/v2\/posts\/2555\/revisions"}],"predecessor-version":[{"id":2556,"href":"https:\/\/blogs.correiobraziliense.com.br\/servidor\/wp-json\/wp\/v2\/posts\/2555\/revisions\/2556"}],"wp:attachment":[{"href":"https:\/\/blogs.correiobraziliense.com.br\/servidor\/wp-json\/wp\/v2\/media?parent=2555"}],"wp:term":[{"taxonomy":"category","embeddable":true,"href":"https:\/\/blogs.correiobraziliense.com.br\/servidor\/wp-json\/wp\/v2\/categories?post=2555"},{"taxonomy":"post_tag","embeddable":true,"href":"https:\/\/blogs.correiobraziliense.com.br\/servidor\/wp-json\/wp\/v2\/tags?post=2555"}],"curies":[{"name":"wp","href":"https:\/\/api.w.org\/{rel}","templated":true}]}}