{"id":2551,"date":"2016-08-04T15:03:23","date_gmt":"2016-08-04T18:03:23","guid":{"rendered":"https:\/\/blogs.correiobraziliense.com.br\/servidor\/?p=2551"},"modified":"2016-08-04T15:03:23","modified_gmt":"2016-08-04T18:03:23","slug":"servidores-federais-que-forem-as-partidas-de-futebol-em-brasilia-terao-que-compensar-horario-de-expediente","status":"publish","type":"post","link":"https:\/\/blogs.correiobraziliense.com.br\/servidor\/servidores-federais-que-forem-as-partidas-de-futebol-em-brasilia-terao-que-compensar-horario-de-expediente\/","title":{"rendered":"Servidores federais que forem \u00e0s partidas de futebol em Bras\u00edlia ter\u00e3o que compensar hor\u00e1rio de expediente"},"content":{"rendered":"<div style=\"text-align: left\" align=\"center\"><span style=\"font-family: Calibri,sans-serif;font-size: small\"><span style=\"font-family: Arial,sans-serif\"><em>Autoriza\u00e7\u00e3o vale apenas para servidores que j\u00e1 tiverem ingressos para os Jogos Ol\u00edmpicos 2016<\/em><\/span><\/span><\/div>\n<div style=\"text-align: left\" align=\"center\"><\/div>\n<div style=\"text-align: left\" align=\"center\"><span style=\"font-family: Calibri,sans-serif;font-size: small\"><span style=\"font-family: Arial,sans-serif\">O Minist\u00e9rio do Planejamento, Desenvolvimento e Gest\u00e3o (MP) orientou os \u00f3rg\u00e3os p\u00fablicos federais em Bras\u00edlia a autorizar que os servidores, que tenham ingresso para as partidas de futebol dos Jogos Ol\u00edmpicos de 2016 na capital federal, desta quinta-feira (4), a cumprir hor\u00e1rio de expediente especial at\u00e9 \u00e0s 13h, mediante compensa\u00e7\u00e3o at\u00e9 o \u00faltimo dia \u00fatil do m\u00eas de setembro de 2016.\u200b<\/span><\/span><\/div>\n<div align=\"justify\"><span style=\"font-family: Calibri,sans-serif;font-size: small\"><span style=\"font-family: Arial,sans-serif\">\u00a0<\/span><\/span><\/div>\n","protected":false},"excerpt":{"rendered":"<p>Autoriza\u00e7\u00e3o vale apenas para servidores que j\u00e1 tiverem ingressos para os Jogos Ol\u00edmpicos 2016 O Minist\u00e9rio do Planejamento, Desenvolvimento e Gest\u00e3o (MP) orientou os \u00f3rg\u00e3os p\u00fablicos federais em Bras\u00edlia a autorizar que os servidores, que tenham ingresso para as partidas de futebol dos Jogos Ol\u00edmpicos de 2016 na capital federal, desta quinta-feira (4), a cumprir hor\u00e1rio de expediente especial at\u00e9 [&hellip;]<\/p>\n","protected":false},"author":27,"featured_media":0,"comment_status":"open","ping_status":"closed","sticky":false,"template":"","format":"standard","meta":{"footnotes":""},"categories":[2719],"tags":[867,3183,3185,59,3182,3184,3181,58],"class_list":["post-2551","post","type-post","status-publish","format-standard","hentry","category-servidor","tag-brasilia","tag-compensar","tag-expediente","tag-federais","tag-futebol","tag-horario","tag-partidas","tag-servidores"],"_links":{"self":[{"href":"https:\/\/blogs.correiobraziliense.com.br\/servidor\/wp-json\/wp\/v2\/posts\/2551","targetHints":{"allow":["GET"]}}],"collection":[{"href":"https:\/\/blogs.correiobraziliense.com.br\/servidor\/wp-json\/wp\/v2\/posts"}],"about":[{"href":"https:\/\/blogs.correiobraziliense.com.br\/servidor\/wp-json\/wp\/v2\/types\/post"}],"author":[{"embeddable":true,"href":"https:\/\/blogs.correiobraziliense.com.br\/servidor\/wp-json\/wp\/v2\/users\/27"}],"replies":[{"embeddable":true,"href":"https:\/\/blogs.correiobraziliense.com.br\/servidor\/wp-json\/wp\/v2\/comments?post=2551"}],"version-history":[{"count":1,"href":"https:\/\/blogs.correiobraziliense.com.br\/servidor\/wp-json\/wp\/v2\/posts\/2551\/revisions"}],"predecessor-version":[{"id":2552,"href":"https:\/\/blogs.correiobraziliense.com.br\/servidor\/wp-json\/wp\/v2\/posts\/2551\/revisions\/2552"}],"wp:attachment":[{"href":"https:\/\/blogs.correiobraziliense.com.br\/servidor\/wp-json\/wp\/v2\/media?parent=2551"}],"wp:term":[{"taxonomy":"category","embeddable":true,"href":"https:\/\/blogs.correiobraziliense.com.br\/servidor\/wp-json\/wp\/v2\/categories?post=2551"},{"taxonomy":"post_tag","embeddable":true,"href":"https:\/\/blogs.correiobraziliense.com.br\/servidor\/wp-json\/wp\/v2\/tags?post=2551"}],"curies":[{"name":"wp","href":"https:\/\/api.w.org\/{rel}","templated":true}]}}