{"id":2545,"date":"2016-08-04T12:58:15","date_gmt":"2016-08-04T15:58:15","guid":{"rendered":"https:\/\/blogs.correiobraziliense.com.br\/servidor\/?p=2545"},"modified":"2016-08-04T12:58:15","modified_gmt":"2016-08-04T15:58:15","slug":"temor-do-mercado","status":"publish","type":"post","link":"https:\/\/blogs.correiobraziliense.com.br\/servidor\/temor-do-mercado\/","title":{"rendered":"Temor do mercado"},"content":{"rendered":"<p><span style=\"font-family: Utopia,sans-serif\"><span style=\"font-size: small\">A cada dia h\u00e1 uma novidade que contrasta com as inten\u00e7\u00f5es declaradas da equipe econ\u00f4mica de ajuste nos gastos vem a p\u00fablico, sempre relacionadas \u00e0 busca de apoio pol\u00edtico, notou Jason Vieira, economista-chefe da Infinity Asset. Embora o presidente interino Michel Teme mantenha a confian\u00e7a dos agentes econ\u00f4micos, as concess\u00f5es assustam os analistas de mercado. \u201cD\u00e1 a impress\u00e3o de que o governo s\u00f3 est\u00e1 esperando acabar o processo de impeachment da presidente afastada Dilma Rousseff, para ganhar legitimidade e ampliar de vez os gastos. Espero que isso n\u00e3o aconte\u00e7a\u201d, condenou Vieira.<\/span><\/span><\/p>\n","protected":false},"excerpt":{"rendered":"<p>A cada dia h\u00e1 uma novidade que contrasta com as inten\u00e7\u00f5es declaradas da equipe econ\u00f4mica de ajuste nos gastos vem a p\u00fablico, sempre relacionadas \u00e0 busca de apoio pol\u00edtico, notou Jason Vieira, economista-chefe da Infinity Asset. Embora o presidente interino Michel Teme mantenha a confian\u00e7a dos agentes econ\u00f4micos, as concess\u00f5es assustam os analistas de mercado. \u201cD\u00e1 a impress\u00e3o de que [&hellip;]<\/p>\n","protected":false},"author":27,"featured_media":0,"comment_status":"open","ping_status":"closed","sticky":false,"template":"","format":"standard","meta":{"footnotes":""},"categories":[2719],"tags":[2683,3172,367,3171,1169,1884,489,1427,1895,3170],"class_list":["post-2545","post","type-post","status-publish","format-standard","hentry","category-servidor","tag-ampliar","tag-confianca","tag-economica","tag-equipe","tag-gastos","tag-impeachment","tag-mercado","tag-politico","tag-temer","tag-temor"],"_links":{"self":[{"href":"https:\/\/blogs.correiobraziliense.com.br\/servidor\/wp-json\/wp\/v2\/posts\/2545","targetHints":{"allow":["GET"]}}],"collection":[{"href":"https:\/\/blogs.correiobraziliense.com.br\/servidor\/wp-json\/wp\/v2\/posts"}],"about":[{"href":"https:\/\/blogs.correiobraziliense.com.br\/servidor\/wp-json\/wp\/v2\/types\/post"}],"author":[{"embeddable":true,"href":"https:\/\/blogs.correiobraziliense.com.br\/servidor\/wp-json\/wp\/v2\/users\/27"}],"replies":[{"embeddable":true,"href":"https:\/\/blogs.correiobraziliense.com.br\/servidor\/wp-json\/wp\/v2\/comments?post=2545"}],"version-history":[{"count":1,"href":"https:\/\/blogs.correiobraziliense.com.br\/servidor\/wp-json\/wp\/v2\/posts\/2545\/revisions"}],"predecessor-version":[{"id":2546,"href":"https:\/\/blogs.correiobraziliense.com.br\/servidor\/wp-json\/wp\/v2\/posts\/2545\/revisions\/2546"}],"wp:attachment":[{"href":"https:\/\/blogs.correiobraziliense.com.br\/servidor\/wp-json\/wp\/v2\/media?parent=2545"}],"wp:term":[{"taxonomy":"category","embeddable":true,"href":"https:\/\/blogs.correiobraziliense.com.br\/servidor\/wp-json\/wp\/v2\/categories?post=2545"},{"taxonomy":"post_tag","embeddable":true,"href":"https:\/\/blogs.correiobraziliense.com.br\/servidor\/wp-json\/wp\/v2\/tags?post=2545"}],"curies":[{"name":"wp","href":"https:\/\/api.w.org\/{rel}","templated":true}]}}