{"id":2524,"date":"2016-08-03T16:03:06","date_gmt":"2016-08-03T19:03:06","guid":{"rendered":"https:\/\/blogs.correiobraziliense.com.br\/servidor\/?p=2524"},"modified":"2016-08-03T16:03:06","modified_gmt":"2016-08-03T19:03:06","slug":"solla-aciona-stf-para-suspender-tramitacao-da-ldo-no-congresso","status":"publish","type":"post","link":"https:\/\/blogs.correiobraziliense.com.br\/servidor\/solla-aciona-stf-para-suspender-tramitacao-da-ldo-no-congresso\/","title":{"rendered":"Solla aciona STF para suspender tramita\u00e7\u00e3o da LDO no Congresso"},"content":{"rendered":"<p><em>Parlamentares apontam inconstitucionalidade no Artigo 3\u00ba da mat\u00e9ria, que repete o texto de parte da PEC 241\/2015 e estabelece teto de gastos p\u00fablicos da Uni\u00e3o com a desvincula\u00e7\u00e3o de receitas para sa\u00fade e educa\u00e7\u00e3o.<\/em><\/p>\n<p>Sem acordo com a base governista, deputados e senadores da Frente Parlamentar Mista em Defesa do SUS entraram nesta quarta-feira (3) com mandado de seguran\u00e7a no Supremo Tribunal Federal (STF) solicitando a suspens\u00e3o da tramita\u00e7\u00e3o da Lei de Diretrizes Or\u00e7ament\u00e1rias (LDO) de 2017.<\/p>\n<p>Secret\u00e1rio-geral da Frente do SUS, o deputado federal Jorge Solla (PT-BA) argumenta ao Supremo que lei or\u00e7ament\u00e1ria n\u00e3o pode descumprir a legisla\u00e7\u00e3o constitucional vigente quanto \u00e0 vincula\u00e7\u00e3o de receitas. \u201cN\u00e3o se pode aprovar essa LDO com essa previs\u00e3o sem que antes se mude a regra do jogo, o que esperamos que n\u00e3o aconte\u00e7a. A PEC 241\/2016, que estipula o teto de gastos e desvincula receitas, \u00e9 pol\u00eamica e n\u00e3o tem maioria seque na base do governo golpista\u201d, disse Solla.<\/p>\n<p>Caso o STF conceda o mandado de seguran\u00e7a e o Congresso Nacional n\u00e3o vote a PEC 241\/2016 antes da discuss\u00e3o do Or\u00e7amento de 2017, as novas regras propostas por Temer s\u00f3 poder\u00e3o valer em 2018, caso aprovadas.<\/p>\n<p>A a\u00e7\u00e3o, subscrita pelo senador Humberto Costa (PT-PE) e os deputados federais Zenaide Maia (PR\/RN) e Odorico Monteiro (PROS-CE), aponta que a \u201cquase coincid\u00eancia total do texto\u201d de artigos da PLDO\/2017 e da PEC 241\/2016. \u201c\u00c9 poss\u00edvel verificar de modo cristalino que o PLDO antecipa, em seu artigo 3\u00ba, as altera\u00e7\u00f5es pretendida pela PEC 241, sem que a mesma tenha sido apreciada, votada, sancionada e publicada no Di\u00e1rio Oficial da Uni\u00e3o\u201d, verifica. A pe\u00e7a salienta ainda que a LDO precisa de maioria simples para sua aprova\u00e7\u00e3o, enquanto emendas \u00e0 Constitui\u00e7\u00e3o tem rito diferente, com exig\u00eancia de maioria qualificada (3\/5).<\/p>\n<p><strong>SEM ACORDO<\/strong><\/p>\n<p>Na ter\u00e7a-feira (2), Solla se reuniu pela manh\u00e3 com o presidente da C\u00e2mara, Rodrigo Maia (DEM-RJ), que assentiu haver inconstitucionalidade. O relator da LDO na Comiss\u00e3o Mista de Or\u00e7amento (CMO), o senador Wellington Fagundes (PM-MT), todavia, inviabilizou um acordo porque, ap\u00f3s consultar o Pal\u00e1cio do Planalto, n\u00e3o concordou em retirar o Artigo 3\u00ba do projeto.<\/p>\n<p>&nbsp;<\/p>\n","protected":false},"excerpt":{"rendered":"<p>Parlamentares apontam inconstitucionalidade no Artigo 3\u00ba da mat\u00e9ria, que repete o texto de parte da PEC 241\/2015 e estabelece teto de gastos p\u00fablicos da Uni\u00e3o com a desvincula\u00e7\u00e3o de receitas para sa\u00fade e educa\u00e7\u00e3o. Sem acordo com a base governista, deputados e senadores da Frente Parlamentar Mista em Defesa do SUS entraram nesta quarta-feira (3) com mandado de seguran\u00e7a no [&hellip;]<\/p>\n","protected":false},"author":27,"featured_media":0,"comment_status":"open","ping_status":"closed","sticky":false,"template":"","format":"standard","meta":{"footnotes":""},"categories":[2719],"tags":[2583,100,3149,48,1169,573,637,1493,3148,326,3147,616,3146,34,1899,642,695,330],"class_list":["post-2524","post","type-post","status-publish","format-standard","hentry","category-servidor","tag-aciona","tag-congresso","tag-desvinculacao","tag-educacao","tag-gastos","tag-inconstitucionalidade","tag-ldo","tag-materia","tag-pec-2412015","tag-receitas","tag-repete","tag-saude","tag-solla","tag-stf","tag-suspender","tag-teto","tag-tramitacao","tag-uniao"],"_links":{"self":[{"href":"https:\/\/blogs.correiobraziliense.com.br\/servidor\/wp-json\/wp\/v2\/posts\/2524","targetHints":{"allow":["GET"]}}],"collection":[{"href":"https:\/\/blogs.correiobraziliense.com.br\/servidor\/wp-json\/wp\/v2\/posts"}],"about":[{"href":"https:\/\/blogs.correiobraziliense.com.br\/servidor\/wp-json\/wp\/v2\/types\/post"}],"author":[{"embeddable":true,"href":"https:\/\/blogs.correiobraziliense.com.br\/servidor\/wp-json\/wp\/v2\/users\/27"}],"replies":[{"embeddable":true,"href":"https:\/\/blogs.correiobraziliense.com.br\/servidor\/wp-json\/wp\/v2\/comments?post=2524"}],"version-history":[{"count":1,"href":"https:\/\/blogs.correiobraziliense.com.br\/servidor\/wp-json\/wp\/v2\/posts\/2524\/revisions"}],"predecessor-version":[{"id":2525,"href":"https:\/\/blogs.correiobraziliense.com.br\/servidor\/wp-json\/wp\/v2\/posts\/2524\/revisions\/2525"}],"wp:attachment":[{"href":"https:\/\/blogs.correiobraziliense.com.br\/servidor\/wp-json\/wp\/v2\/media?parent=2524"}],"wp:term":[{"taxonomy":"category","embeddable":true,"href":"https:\/\/blogs.correiobraziliense.com.br\/servidor\/wp-json\/wp\/v2\/categories?post=2524"},{"taxonomy":"post_tag","embeddable":true,"href":"https:\/\/blogs.correiobraziliense.com.br\/servidor\/wp-json\/wp\/v2\/tags?post=2524"}],"curies":[{"name":"wp","href":"https:\/\/api.w.org\/{rel}","templated":true}]}}