{"id":2522,"date":"2016-08-03T14:27:48","date_gmt":"2016-08-03T17:27:48","guid":{"rendered":"https:\/\/blogs.correiobraziliense.com.br\/servidor\/?p=2522"},"modified":"2016-08-03T14:27:48","modified_gmt":"2016-08-03T17:27:48","slug":"as-olimpiadas-e-o-descarte-de-lixo-no-brasil-o-que-faremos","status":"publish","type":"post","link":"https:\/\/blogs.correiobraziliense.com.br\/servidor\/as-olimpiadas-e-o-descarte-de-lixo-no-brasil-o-que-faremos\/","title":{"rendered":"As Olimp\u00edadas e o descarte de lixo no Brasil. O que faremos?"},"content":{"rendered":"<p><em>Em nosso pa\u00eds, \u00e9 bastante comum presenciar a cena de lixo voando pelas janelas dos carros. \u00c9 mais vergonhoso do que o 7 a 1. Agora que se aproximam as Olimp\u00edadas, as preocupa\u00e7\u00f5es com a imagem que o Brasil h\u00e1 de passar aos estrangeiros reaparecem. Mais de 60% dos turistas estar\u00e3o visitando o Brasil pela primeira vez. Quantas primeiras impress\u00f5es as Olimp\u00edadas v\u00e3o passar? Ser\u00e3o elas boas?<\/em><\/p>\n<p><strong>As Olimp\u00edadas e a imagem do brasileiro no exterior<br \/>\n<\/strong><\/p>\n<p><em>Edgar Segato Neto*<br \/>\n<\/em><\/p>\n<p>Da Copa do Mundo de 2014, temos muito epis\u00f3dios tristes e felizes para nos lembrarmos. Contudo, mesmo com os problemas de infraestrutura, com as ra\u00edzes da crise pol\u00edtica que come\u00e7avam a aparecer, e at\u00e9 com a goleada da Alemanha, a alegria conseguiu prevalecer. E al\u00e9m de felicidades e tristezas, a Copa ainda nos trouxe exemplos de cidadania. Quem n\u00e3o se lembra do epis\u00f3dio quando, ap\u00f3s o jogo, in\u00fameros torcedores japoneses se organizaram para recolher o lixo que eles mesmos produziram durante a festa?<\/p>\n<p>Foi curioso para n\u00f3s, brasileiros, ver o sentimento de responsabilidade dos japoneses com o lixo que espalharam, uma vez que em nosso pa\u00eds \u00e9 bastante comum presenciar a cena de lixo voando pelas janelas dos carros. Para os japoneses, a cena deve ter sido igualmente curiosa: jornalistas boquiabertos tirando fotos e correndo para entrevist\u00e1-los, s\u00f3 por algo que, em sua cultura, n\u00e3o passa de natural. Agora, imagine s\u00f3 como um visitante japon\u00eas deve se sentir encabulado ao visitar nossas praias ap\u00f3s o r\u00e9veillon. \u00c9 mais vergonhoso do que o 7 a 1.<\/p>\n<p>E agora que se aproximam as Olimp\u00edadas, as preocupa\u00e7\u00f5es com a imagem que o Brasil h\u00e1 de passar aos estrangeiros reaparecem. Lembre-se que mais de 60% dos turistas da Copa estavam visitando o Brasil pela primeira vez. Quantas primeiras impress\u00f5es as Olimp\u00edadas v\u00e3o passar? Ser\u00e3o elas boas?<\/p>\n<p>Os coment\u00e1rios negativos j\u00e1 t\u00eam acontecido. As expectativas ruins j\u00e1 se concretizaram em alguns. Ve\u00edculos estrangeiros chegam a ironizar a sujeira das praias e rios que receber\u00e3o esportes aqu\u00e1ticos. Mas n\u00e3o precisamos aceitar que essa imagem suja de nossos pa\u00eds, e de nossa cultura, seja transmitida ao exterior. Podemos abandonar a postura defensiva contra as cr\u00edticas e partir para a a\u00e7\u00e3o, mostrando que temos a capacidade de contornar a situa\u00e7\u00e3o.<\/p>\n<p>Continuamente tenho falado da tal mudan\u00e7a cultural dos brasileiros, mas n\u00e3o tenho a ingenuidade de imaginar que ela surja espontaneamente. Precisamos urgentemente de a\u00e7\u00f5es educativas que firmem esses bons h\u00e1bitos em nosso cotidiano. Ali\u00e1s, sabe de onde vem o senso japon\u00eas quanto ao seu pr\u00f3prio lixo? Desde pequenos s\u00e3o eles os respons\u00e1veis pela coleta de lixo e limpeza das escolas. Desde pequenos s\u00e3o ensinados a cuidar do que \u00e9 p\u00fablico. Ali\u00e1s, do que tamb\u00e9m \u00e9 seu. Eles aprendem que s\u00e3o respons\u00e1veis pelo lixo que produzem.<\/p>\n<p>\u201cMas n\u00e3o estamos um tanto atrasados para as olimp\u00edadas? \u201d, voc\u00ea pode perguntar. Tudo que podemos fazer, como brasileiros, \u00e9 nos esfor\u00e7armos para mostrar que temos aprendido a li\u00e7\u00e3o, e que, do mesmo modo que ocorreu na Copa do Mundo, apesar das dificuldades, em nosso pa\u00eds sempre h\u00e1 espa\u00e7o para a boa, e organizada, alegria.<\/p>\n<p><em>*Presidente da Federa\u00e7\u00e3o Nacional das Empresas Prestadoras de Servi\u00e7os de Limpeza e Conserva\u00e7\u00e3o<br \/>\n<\/em><\/p>\n<p><strong>Sobre a Febrac &#8211; <\/strong>A Federa\u00e7\u00e3o Nacional das Empresas Prestadoras de Servi\u00e7os de Limpeza e Conserva\u00e7\u00e3o (Febrac) representa os interesses dos setores de servi\u00e7os de Asseio e Conserva\u00e7\u00e3o. Com sede em Bras\u00edlia, a Federa\u00e7\u00e3o agrega sindicatos nas 27 unidades federativas do pa\u00eds e ocupa cargos na Confedera\u00e7\u00e3o Nacional do Com\u00e9rcio de Bens, Servi\u00e7os e Turismo (CNC), nos Conselhos Nacionais do SESC e do SENAC, na Central Brasileira de Apoio ao Setor de Servi\u00e7os (Cebrasse), na C\u00e2mara Brasileira de Servi\u00e7os Terceiriz\u00e1veis e na World Federation of Building Service Contractors (WFBSC). A Febrac tem como objetivo cuidar, defender e zelar pela organiza\u00e7\u00e3o das atividades por ela representadas.<\/p>\n","protected":false},"excerpt":{"rendered":"<p>Em nosso pa\u00eds, \u00e9 bastante comum presenciar a cena de lixo voando pelas janelas dos carros. \u00c9 mais vergonhoso do que o 7 a 1. Agora que se aproximam as Olimp\u00edadas, as preocupa\u00e7\u00f5es com a imagem que o Brasil h\u00e1 de passar aos estrangeiros reaparecem. Mais de 60% dos turistas estar\u00e3o visitando o Brasil pela primeira vez. Quantas primeiras impress\u00f5es [&hellip;]<\/p>\n","protected":false},"author":27,"featured_media":0,"comment_status":"open","ping_status":"closed","sticky":false,"template":"","format":"standard","meta":{"footnotes":""},"categories":[2719],"tags":[164,3142,3139,2627,3144,3141,3140,1179,2679,3143,3145],"class_list":["post-2522","post","type-post","status-publish","format-standard","hentry","category-servidor","tag-brasil","tag-carros","tag-descarte","tag-estrangeiros","tag-imagem","tag-janelas","tag-lixo","tag-olimpiadas","tag-turistas","tag-vergonhoso","tag-visitando"],"_links":{"self":[{"href":"https:\/\/blogs.correiobraziliense.com.br\/servidor\/wp-json\/wp\/v2\/posts\/2522","targetHints":{"allow":["GET"]}}],"collection":[{"href":"https:\/\/blogs.correiobraziliense.com.br\/servidor\/wp-json\/wp\/v2\/posts"}],"about":[{"href":"https:\/\/blogs.correiobraziliense.com.br\/servidor\/wp-json\/wp\/v2\/types\/post"}],"author":[{"embeddable":true,"href":"https:\/\/blogs.correiobraziliense.com.br\/servidor\/wp-json\/wp\/v2\/users\/27"}],"replies":[{"embeddable":true,"href":"https:\/\/blogs.correiobraziliense.com.br\/servidor\/wp-json\/wp\/v2\/comments?post=2522"}],"version-history":[{"count":1,"href":"https:\/\/blogs.correiobraziliense.com.br\/servidor\/wp-json\/wp\/v2\/posts\/2522\/revisions"}],"predecessor-version":[{"id":2523,"href":"https:\/\/blogs.correiobraziliense.com.br\/servidor\/wp-json\/wp\/v2\/posts\/2522\/revisions\/2523"}],"wp:attachment":[{"href":"https:\/\/blogs.correiobraziliense.com.br\/servidor\/wp-json\/wp\/v2\/media?parent=2522"}],"wp:term":[{"taxonomy":"category","embeddable":true,"href":"https:\/\/blogs.correiobraziliense.com.br\/servidor\/wp-json\/wp\/v2\/categories?post=2522"},{"taxonomy":"post_tag","embeddable":true,"href":"https:\/\/blogs.correiobraziliense.com.br\/servidor\/wp-json\/wp\/v2\/tags?post=2522"}],"curies":[{"name":"wp","href":"https:\/\/api.w.org\/{rel}","templated":true}]}}