{"id":2514,"date":"2016-08-03T12:08:08","date_gmt":"2016-08-03T15:08:08","guid":{"rendered":"https:\/\/blogs.correiobraziliense.com.br\/servidor\/?p=2514"},"modified":"2016-08-03T12:08:08","modified_gmt":"2016-08-03T15:08:08","slug":"ldo-restringe-viagens","status":"publish","type":"post","link":"https:\/\/blogs.correiobraziliense.com.br\/servidor\/ldo-restringe-viagens\/","title":{"rendered":"LDO restringe viagens"},"content":{"rendered":"<p><em><span style=\"font-family: Times New Roman,serif\"><span style=\"font-size: medium\">A proposta garantiu crescimento dos gastos com a sa\u00fade pela infla\u00e7\u00e3o deste ano e a contrata\u00e7\u00e3o de 30 mil servidores, em 2017, a fim de preencher as vagas previstas nos concursos lan\u00e7ados at\u00e9 2015<\/span><\/span><\/em><\/p>\n<p><span style=\"font-family: Times New Roman,serif\"><span style=\"font-size: medium\">A partir do ano que vem, nenhum servidor poder\u00e1 viajar ao exterior de primeira classe, inclusive ministros, parlamentares e presidentes dos Tr\u00eas Poderes. Essa \u00e9 uma das mudan\u00e7as previstas da Lei de Diretrizes Or\u00e7ament\u00e1rias (LDO) de 2017, segundo texto aprovado ontem pela Comiss\u00e3o Mista de Or\u00e7amento (CMO). A mat\u00e9ria foi encaminhada ao Plen\u00e1rio do Congresso, mas n\u00e3o chegou a ser votada.<\/span><\/span><\/p>\n<p>\u201c<span style=\"font-family: Times New Roman,serif\"><span style=\"font-size: medium\">Quem quiser viajar de primeira classe, vai ter que tirar dinheiro do pr\u00f3prio bolso\u201d, disse o relator da LDO, senador Wellington Fagundes (PR-MT). A LDO estabelece como meta fiscal para 2017 um deficit prim\u00e1rio de at\u00e9 R$ 139 bilh\u00f5es nas contas do governo central (Tesouro, Banco Central e Previd\u00eancia). <\/span><\/span><\/p>\n<p><span style=\"font-family: Times New Roman,serif\"><span style=\"font-size: medium\">Outra novidade ser\u00e1 uma auditoria da d\u00edvida p\u00fablica, medida que foi aprovada no ano passado, mas vetada pela presidente afastada, Dilma Rousseff. \u201cA popula\u00e7\u00e3o quer saber qual \u00e9 a origem da d\u00edvida. Em 2017, poderemos ter a auditoria feita pelo Minist\u00e9rio da Fazenda e pelo Tribunal de Contas, com conhecimento dos brasileiros\u201d, disse ele.<\/span><\/span><\/p>\n<p><span style=\"font-family: Times New Roman,serif\"><span style=\"font-size: medium\">A proposta do relator tamb\u00e9m garantiu crescimento dos gastos com a sa\u00fade pela infla\u00e7\u00e3o deste ano e ainda assegurou a contrata\u00e7\u00e3o de 30 mil servidores no pr\u00f3ximo ano, a fim de preencher as vagas previstas nos concursos lan\u00e7ados at\u00e9 2015. Fagundes n\u00e3o informou qual ser\u00e1 o impacto fiscal das mudan\u00e7as. \u201cN\u00e3o h\u00e1 aumento de despesa\u201d, garantiu, acrescentando que o governo n\u00e3o poder\u00e1 criar nenhum tributo que n\u00e3o tenha sido aprovado at\u00e9 agora. \u201cO governo n\u00e3o poder\u00e1 recriar a CPMF ou impostos que venham onerar mais ainda a popula\u00e7\u00e3o brasileira\u201d, completou. (<b>RH<\/b>)<\/span><\/span><\/p>\n","protected":false},"excerpt":{"rendered":"<p>A proposta garantiu crescimento dos gastos com a sa\u00fade pela infla\u00e7\u00e3o deste ano e a contrata\u00e7\u00e3o de 30 mil servidores, em 2017, a fim de preencher as vagas previstas nos concursos lan\u00e7ados at\u00e9 2015 A partir do ano que vem, nenhum servidor poder\u00e1 viajar ao exterior de primeira classe, inclusive ministros, parlamentares e presidentes dos Tr\u00eas Poderes. Essa \u00e9 uma [&hellip;]<\/p>\n","protected":false},"author":27,"featured_media":0,"comment_status":"open","ping_status":"closed","sticky":false,"template":"","format":"standard","meta":{"footnotes":""},"categories":[2719],"tags":[1005,23,3120,1169,240,637,3121,1555,3119,616,58,703,2822],"class_list":["post-2514","post","type-post","status-publish","format-standard","hentry","category-servidor","tag-classe","tag-concursos","tag-contracao","tag-gastos","tag-inflacao","tag-ldo","tag-prenecher","tag-primeira","tag-restringe","tag-saude","tag-servidores","tag-vagas","tag-viagens"],"_links":{"self":[{"href":"https:\/\/blogs.correiobraziliense.com.br\/servidor\/wp-json\/wp\/v2\/posts\/2514","targetHints":{"allow":["GET"]}}],"collection":[{"href":"https:\/\/blogs.correiobraziliense.com.br\/servidor\/wp-json\/wp\/v2\/posts"}],"about":[{"href":"https:\/\/blogs.correiobraziliense.com.br\/servidor\/wp-json\/wp\/v2\/types\/post"}],"author":[{"embeddable":true,"href":"https:\/\/blogs.correiobraziliense.com.br\/servidor\/wp-json\/wp\/v2\/users\/27"}],"replies":[{"embeddable":true,"href":"https:\/\/blogs.correiobraziliense.com.br\/servidor\/wp-json\/wp\/v2\/comments?post=2514"}],"version-history":[{"count":1,"href":"https:\/\/blogs.correiobraziliense.com.br\/servidor\/wp-json\/wp\/v2\/posts\/2514\/revisions"}],"predecessor-version":[{"id":2515,"href":"https:\/\/blogs.correiobraziliense.com.br\/servidor\/wp-json\/wp\/v2\/posts\/2514\/revisions\/2515"}],"wp:attachment":[{"href":"https:\/\/blogs.correiobraziliense.com.br\/servidor\/wp-json\/wp\/v2\/media?parent=2514"}],"wp:term":[{"taxonomy":"category","embeddable":true,"href":"https:\/\/blogs.correiobraziliense.com.br\/servidor\/wp-json\/wp\/v2\/categories?post=2514"},{"taxonomy":"post_tag","embeddable":true,"href":"https:\/\/blogs.correiobraziliense.com.br\/servidor\/wp-json\/wp\/v2\/tags?post=2514"}],"curies":[{"name":"wp","href":"https:\/\/api.w.org\/{rel}","templated":true}]}}